{"id":76,"date":"2017-06-22T11:23:09","date_gmt":"2017-06-22T11:23:09","guid":{"rendered":"http:\/\/195.114.1.23\/~abisynia\/?p=76"},"modified":"2022-09-13T12:53:29","modified_gmt":"2022-09-13T10:53:29","slug":"witamy-na-blogu-stowarzyszenia-mieszkancow-abisynia","status":"publish","type":"post","link":"https:\/\/abisynia.org\/?p=76","title":{"rendered":"Nasze cele"},"content":{"rendered":"<p>Przekonani o tym, \u017ce w grupie ra\u017aniej, a praca zespo\u0142owa jest niezwykle skuteczna, cz\u0142onkowie Stowarzyszenia Mieszka\u0144c\u00f3w Abisynia stawiaj\u0105 sobie za cel, dzia\u0142aj\u0105c dla dobra i na rzecz wszystkich mieszka\u0144c\u00f3w, popraw\u0119 warunk\u00f3w \u017cycia i bezpiecze\u0144stwa na Osiedlu oraz jego wszechstronny rozw\u00f3j.<\/p>\n<p><code><span class=\"collapseomatic \" id=\"id69ef8aec2ddf2\"  tabindex=\"0\" title=\"&lt;\/code&gt;&lt;strong&gt;Czytaj dalej&lt;\/strong&gt;&lt;code&gt;\"    ><\/code><strong>Czytaj dalej<\/strong><code><\/span><div id=\"target-id69ef8aec2ddf2\" class=\"collapseomatic_content \"><\/code><\/p>\n<p><strong>[ z r \u00f3 w n o w a \u017c o n y\u00a0 r o z w \u00f3j ]<\/strong><\/p>\n<p>W trosce o zachowanie charakteru tego niezwyk\u0142ego miejsca na mapie Poznania b\u0119dziemy czuwa\u0107, aby jego rozw\u00f3j odbywa\u0142 si\u0119 w zgodzie z zasadami zr\u00f3wnowa\u017conego rozwoju i \u0142adu przestrzennego.<\/p>\n<p><strong>[ a r c h i t e k t u r a ]<\/strong><\/p>\n<p>Na sercu le\u017cy nam ochrona dziedzictwa architektury modernistycznej i przedwojennego za\u0142o\u017cenia urbanistycznego, z kt\u00f3rych jeste\u015bmy niezwykle dumni. Widzimy wiele do zrobienia w zakresie modernizacji ulic, chodnik\u00f3w, latarni oraz niezagospodarowanych skwer\u00f3w.<\/p>\n<p><strong>[ z i e l e \u0144 ]<\/strong><\/p>\n<p>Mimo i\u017c nie mo\u017cemy narzeka\u0107 na brak zieleni w naszej dzielnicy b\u0119dziemy podejmowa\u0107 starania na rzecz ochrony \u015brodowiska naturalnego oraz zagospodarowania zielon\u0105 architektur\u0105 miejsc, w kt\u00f3rych drzewa lub krzewy kiedy\u015b ros\u0142y, lub takich, kt\u00f3re teraz \u015bwiec\u0105 betonem.<\/p>\n<p><strong>[ b e z p i e c z e \u0144 s t w o ]<\/strong><\/p>\n<p>Chcemy, aby mieszka\u0144cy i go\u015bcie naszej dzielnicy czuli si\u0119 tutaj bezpiecznie, a na ulicach panowa\u0142 spok\u00f3j i porz\u0105dek. My\u015blimy o stworzeniu warunk\u00f3w, kt\u00f3re umo\u017cliwi\u0105 prowadzenia aktywno\u015bci fizycznej oraz korzystanie z przestrzeni publicznej przez osoby starsze, niepe\u0142nosprawne, dzieci i m\u0142odzie\u017c.<\/p>\n<p><strong>[ i n t e g r a c j a ]<\/strong><\/p>\n<p>Liczymy, \u017ce dzi\u0119ki podejmowanym przez nas inicjatywom oraz imprezom (r\u00f3wnie\u017c tym o charakterze towarzyskim) nast\u0105pi dalsza integracja mieszka\u0144c\u00f3w, ich aktywizacja do wsp\u00f3lnych dzia\u0142a\u0144 i zacie\u015bnianie s\u0105siedzkich wi\u0119z\u00f3w.<\/p>\n<p><strong>[ o d p o w i e d z i a l n o \u015b \u0107 ]<\/strong><\/p>\n<p>Mamy nadziej\u0119, \u017ce nasza dzia\u0142alno\u015b\u0107 przyczyni si\u0119 do wykszta\u0142cenia u dzieci i m\u0142odzie\u017cy prospo\u0142ecznych zachowa\u0144 oraz poczucia odpowiedzialno\u015bci za miejsce, w kt\u00f3rym mieszkaj\u0105 (i w kt\u00f3rych b\u0119d\u0105 kiedy\u015b mieszka\u0107). M\u0142odzi Abisy\u0144czycy na pewno szybko zrozumiej\u0105, \u017ce dobry s\u0105siad to skarb.<\/p>\n<p><strong>[ w s p a r c i e ]<\/strong><\/p>\n<p>B\u0119dziemy wspiera\u0107 wszelkie inne wsp\u00f3lnoty i oddolne inicjatywy, jakie powstan\u0105 w\u015br\u00f3d mieszka\u0144c\u00f3w naszego osiedla.<\/p>\n<p><strong>[ d i a l o g ]<\/strong><\/p>\n<p>Stowarzyszenie prowadzi\u0107 b\u0119dzie dialog z organami samorz\u0105du terytorialnego oraz instytucjami publicznymi komunikuj\u0105c potrzeby naszej spo\u0142eczno\u015bci oraz pomys\u0142y na ewentualne zmiany i ulepszenia.<\/p>\n<p><strong>[ d o b r o \u00a0 w s p \u00f3 l n e ]<\/strong><\/p>\n<p>W gruncie rzeczy cele, kt\u00f3re stawia sobie nasze Stowarzyszenie sprowadza si\u0119 do jednego \u2013 budowania\u00a0 wsp\u00f3lnego dobra pod postaci\u0105 zasob\u00f3w i warto\u015bci, z kt\u00f3rych b\u0119d\u0105 mogli czerpa\u0107 wszyscy cz\u0142onkowie naszej ma\u0142ej spo\u0142eczno\u015bci. Mamy nadziej\u0119, \u017ce dzia\u0142ania Stowarzyszenia na rzecz mieszka\u0144c\u00f3w Osiedla Abisynia przynosi\u0107 b\u0119d\u0105 realne korzy\u015bci, kt\u00f3rymi b\u0119dziemy si\u0119 wsp\u00f3\u0142dzieli\u0107.<\/p>\n<p>Anna Dembi\u0144ska-Po\u0142udniak<\/p>\n<p><code><\/div><\/code><\/p>\n","protected":false},"excerpt":{"rendered":"<p>Przekonani o tym, \u017ce w grupie ra\u017aniej, a praca zespo\u0142owa jest niezwykle skuteczna, cz\u0142onkowie Stowarzyszenia Mieszka\u0144c\u00f3w Abisynia stawiaj\u0105 sobie za cel, dzia\u0142aj\u0105c dla dobra i na rzecz wszystkich mieszka\u0144c\u00f3w, popraw\u0119 warunk\u00f3w \u017cycia i bezpiecze\u0144stwa na Osiedlu oraz jego wszechstronny rozw\u00f3j.<\/p>\n","protected":false},"author":1,"featured_media":0,"comment_status":"open","ping_status":"open","sticky":false,"template":"","format":"standard","meta":{"footnotes":""},"categories":[1],"tags":[],"class_list":["post-76","post","type-post","status-publish","format-standard","hentry","category-uncategorized"],"_links":{"self":[{"href":"https:\/\/abisynia.org\/index.php?rest_route=\/wp\/v2\/posts\/76","targetHints":{"allow":["GET"]}}],"collection":[{"href":"https:\/\/abisynia.org\/index.php?rest_route=\/wp\/v2\/posts"}],"about":[{"href":"https:\/\/abisynia.org\/index.php?rest_route=\/wp\/v2\/types\/post"}],"author":[{"embeddable":true,"href":"https:\/\/abisynia.org\/index.php?rest_route=\/wp\/v2\/users\/1"}],"replies":[{"embeddable":true,"href":"https:\/\/abisynia.org\/index.php?rest_route=%2Fwp%2Fv2%2Fcomments&post=76"}],"version-history":[{"count":10,"href":"https:\/\/abisynia.org\/index.php?rest_route=\/wp\/v2\/posts\/76\/revisions"}],"predecessor-version":[{"id":422,"href":"https:\/\/abisynia.org\/index.php?rest_route=\/wp\/v2\/posts\/76\/revisions\/422"}],"wp:attachment":[{"href":"https:\/\/abisynia.org\/index.php?rest_route=%2Fwp%2Fv2%2Fmedia&parent=76"}],"wp:term":[{"taxonomy":"category","embeddable":true,"href":"https:\/\/abisynia.org\/index.php?rest_route=%2Fwp%2Fv2%2Fcategories&post=76"},{"taxonomy":"post_tag","embeddable":true,"href":"https:\/\/abisynia.org\/index.php?rest_route=%2Fwp%2Fv2%2Ftags&post=76"}],"curies":[{"name":"wp","href":"https:\/\/api.w.org\/{rel}","templated":true}]}}