{"id":519,"date":"2026-01-05T11:48:53","date_gmt":"2026-01-05T10:48:53","guid":{"rendered":"https:\/\/abisynia.org\/?p=519"},"modified":"2026-01-05T11:48:53","modified_gmt":"2026-01-05T10:48:53","slug":"biuletyn-informacyjny-na-druga-polowe-2025-roku","status":"publish","type":"post","link":"https:\/\/abisynia.org\/?p=519","title":{"rendered":"Biuletyn informacyjny na drug\u0105 po\u0142ow\u0119 2025 roku"},"content":{"rendered":"\n<figure class=\"wp-block-image size-large\"><img loading=\"lazy\" decoding=\"async\" width=\"1024\" height=\"768\" src=\"http:\/\/abisynia.org\/wp-content\/uploads\/2026\/01\/31-1024x768.jpeg\" alt=\"\" class=\"wp-image-521\" srcset=\"https:\/\/abisynia.org\/wp-content\/uploads\/2026\/01\/31-1024x768.jpeg 1024w, https:\/\/abisynia.org\/wp-content\/uploads\/2026\/01\/31-300x225.jpeg 300w, https:\/\/abisynia.org\/wp-content\/uploads\/2026\/01\/31-768x576.jpeg 768w, https:\/\/abisynia.org\/wp-content\/uploads\/2026\/01\/31-1536x1152.jpeg 1536w, https:\/\/abisynia.org\/wp-content\/uploads\/2026\/01\/31-2048x1536.jpeg 2048w\" sizes=\"auto, (max-width: 767px) 89vw, (max-width: 1000px) 54vw, (max-width: 1071px) 543px, 580px\" \/><\/figure>\n\n\n\n<p><strong>Zrealizowane i w toku<\/strong><\/p>\n\n\n\n<ul class=\"wp-block-list\">\n<li>Utrwalili\u015bmy (prawie ;)) mural na Spo\u0142em przy ul. Podkomorskiej.<\/li>\n\n\n\n<li>W listopadzie dzi\u0119ki Waszym wp\u0142atom i dofinansowaniu IPN postawili\u015bmy na terenie parku Heweliusza pylon SIM informuj\u0105cy o historii barak\u00f3w, kt\u00f3re kiedy\u015b tam sta\u0142y (Gospoda Targowa\/spec\u0142agier NKWD).<\/li>\n\n\n\n<li>Razem z IPN wydali\u015bmy broszur\u0119 na temat historii Gospody Targowej.<\/li>\n\n\n\n<li>Dla uczni\u00f3w SP74 i 11 LO zorganizowali\u015bmy we wrze\u015bniu wyk\u0142ad o historii Gospody Targowej.<\/li>\n\n\n\n<li>We wsp\u00f3\u0142pracy z dyrekcj\u0105 SP74 i dzi\u0119ki \u015brodkom z grantu Fundacji Enea uda\u0142o si\u0119\u00a0nam odbrukowa\u0107 kawa\u0142ek dziedzi\u0144ca szkolnego i posadzi\u0107 tam drzewa!<\/li>\n\n\n\n<li>Rozstrzygn\u0119li\u015bmy kolejn\u0105 edycj\u0119 konkursu Grunwald w obiektywie 2025.<\/li>\n\n\n\n<li>Ze zg\u0142oszonych prac powsta\u0142a wystawa oraz kalendarz na rok 2026.<\/li>\n\n\n\n<li>Grzegorz opracowa\u0142 projekt zas\u0142oni\u0119cia nieestetycznych koszy na \u015bmieci za Spo\u0142em. B\u0119dziemy uzgadnia\u0107 spraw\u0119 ich realizacji ze sp\u00f3\u0142dzielni\u0105.<\/li>\n\n\n\n<li>Maciej, kt\u00f3ry bierze udzia\u0142\u00a0w regularnych spotkaniach dotycz\u0105cych bezpiecze\u0144stwa z policj\u0105 mocno zadzia\u0142a\u0142 w temacie serii w\u0142ama\u0144 i kradzie\u017cy na naszym osiedlu.\u00a0\u00a0<\/li>\n\n\n\n<li>Zorganizowali\u015bmy dwa wyk\u0142ady o ekologii i przyrodzie w mie\u015bcie dla uczni\u00f3w SP 74.<\/li>\n\n\n\n<li>Kontynuujemy wolontariat z udzia\u0142em uczni\u00f3w SP 74.<\/li>\n\n\n\n<li>Kontynuujemy w\u0142\u0105czanie si\u0119 do akcji \u201eKierowcy dla Poznania\u201d<\/li>\n\n\n\n<li>Kontynuujemy dekorowanie osiedla z okazji \u015bwi\u0105t<\/li>\n\n\n\n<li>ZDM po naszej interwencji przesun\u0105\u0142 szary s\u0142upek przy ul. Drzewieckiego. By\u0142 ci\u0105gle potr\u0105cany.<\/li>\n\n\n\n<li>Na bie\u017c\u0105co piel\u0119gnujemy skwery, kt\u00f3re s\u0105 pod nasz\u0105 opiek\u0105<\/li>\n\n\n\n<li>Zorganizowali\u015bmy spotkanie dla cz\u0142onk\u00f3w Stowarzyszenia i sympatyk\u00f3w na terenie folwarku Marcelin.<\/li>\n\n\n\n<li>W\u0142\u0105czyli\u015bmy si\u0119 w zbieranie g\u0142os\u00f3w pod projektem wyciszenia torowiska na ul. Grunwaldzkiej w ramach PBO2026, skutecznie.<\/li>\n<\/ul>\n\n\n\n<p><strong>Plany na nadchodz\u0105ce miesi\u0105ce<\/strong><\/p>\n\n\n\n<ul class=\"wp-block-list\">\n<li>Zorganizujemy spotkanie noworoczne dla cz\u0142onk\u00f3w i sympatyk\u00f3w stowarzyszenia.<\/li>\n\n\n\n<li>Naprawimy uszkodzon\u0105 donico-\u0142awk\u0119 przy skwerze przy pompie.<\/li>\n\n\n\n<li>Planujemy spotkanie z nowym dzielnicowym.<\/li>\n\n\n\n<li>Chcemy zorganizowa\u0107 i sfinansowa\u0107 nagrody w konkursie na ma\u0142\u0105 rze\u017ab\u0119 plenerow\u0105, kt\u00f3ra mog\u0142aby stan\u0105\u0107 na skwerze przy skrzy\u017cowaniu Marsza\u0142kowskiej z Kasztela\u0144sk\u0105 lub w Parku S\u0105siedzkim.<\/li>\n\n\n\n<li>Planujemy w galerii O!p\u0142otek zrobi\u0107 wystaw\u0119 po\u015bwi\u0119con\u0105 Adamowi Batyckiemu, akwareli\u015bcie z\u00a0Kanclerskiej<\/li>\n\n\n\n<li>Chcemy przedstawi\u0107 POSiRowi projekt nasadze\u0144 drzew na skwerze Tercetu ABC, czyli za lokomotyw\u0105 przy Bu\u0142garskiej. Nasadzenia mog\u0142yby zosta\u0107 zrealizowane z nasadze\u0144 kompensacyjnych, kt\u00f3rymi zarz\u0105dza Wydzia\u0142 Klimatu i \u015arodowiska UM.<\/li>\n\n\n\n<li>B\u0119dziemy anga\u017cowa\u0107 si\u0119 w posadzenie tzw. d\u0119b\u00f3w pami\u0119ci po\u015bwi\u0119conych trzem mieszka\u0144com Grunwaldu, kt\u00f3rzy zostali zamordowani w Katyniu.<\/li>\n<\/ul>\n\n\n\n<p><\/p>\n","protected":false},"excerpt":{"rendered":"<p>Zrealizowane i w toku Plany na nadchodz\u0105ce miesi\u0105ce<\/p>\n","protected":false},"author":1,"featured_media":0,"comment_status":"open","ping_status":"open","sticky":false,"template":"","format":"standard","meta":{"footnotes":""},"categories":[1],"tags":[],"class_list":["post-519","post","type-post","status-publish","format-standard","hentry","category-uncategorized"],"_links":{"self":[{"href":"https:\/\/abisynia.org\/index.php?rest_route=\/wp\/v2\/posts\/519","targetHints":{"allow":["GET"]}}],"collection":[{"href":"https:\/\/abisynia.org\/index.php?rest_route=\/wp\/v2\/posts"}],"about":[{"href":"https:\/\/abisynia.org\/index.php?rest_route=\/wp\/v2\/types\/post"}],"author":[{"embeddable":true,"href":"https:\/\/abisynia.org\/index.php?rest_route=\/wp\/v2\/users\/1"}],"replies":[{"embeddable":true,"href":"https:\/\/abisynia.org\/index.php?rest_route=%2Fwp%2Fv2%2Fcomments&post=519"}],"version-history":[{"count":3,"href":"https:\/\/abisynia.org\/index.php?rest_route=\/wp\/v2\/posts\/519\/revisions"}],"predecessor-version":[{"id":523,"href":"https:\/\/abisynia.org\/index.php?rest_route=\/wp\/v2\/posts\/519\/revisions\/523"}],"wp:attachment":[{"href":"https:\/\/abisynia.org\/index.php?rest_route=%2Fwp%2Fv2%2Fmedia&parent=519"}],"wp:term":[{"taxonomy":"category","embeddable":true,"href":"https:\/\/abisynia.org\/index.php?rest_route=%2Fwp%2Fv2%2Fcategories&post=519"},{"taxonomy":"post_tag","embeddable":true,"href":"https:\/\/abisynia.org\/index.php?rest_route=%2Fwp%2Fv2%2Ftags&post=519"}],"curies":[{"name":"wp","href":"https:\/\/api.w.org\/{rel}","templated":true}]}}