{"id":515,"date":"2025-08-25T09:18:03","date_gmt":"2025-08-25T07:18:03","guid":{"rendered":"https:\/\/abisynia.org\/?p=515"},"modified":"2025-08-25T09:18:03","modified_gmt":"2025-08-25T07:18:03","slug":"biuletyn-informacyjny-za-pierwsza-polowe-2025","status":"publish","type":"post","link":"https:\/\/abisynia.org\/?p=515","title":{"rendered":"Biuletyn informacyjny za pierwsz\u0105 po\u0142ow\u0119 2025"},"content":{"rendered":"\n<figure class=\"wp-block-image size-large\"><img loading=\"lazy\" decoding=\"async\" width=\"1024\" height=\"683\" src=\"https:\/\/abisynia.org\/wp-content\/uploads\/2025\/08\/Abisynia-Senatorska-Tomasz-Plucinski-1024x683.jpg\" alt=\"\" class=\"wp-image-516\" srcset=\"https:\/\/abisynia.org\/wp-content\/uploads\/2025\/08\/Abisynia-Senatorska-Tomasz-Plucinski-1024x683.jpg 1024w, https:\/\/abisynia.org\/wp-content\/uploads\/2025\/08\/Abisynia-Senatorska-Tomasz-Plucinski-300x200.jpg 300w, https:\/\/abisynia.org\/wp-content\/uploads\/2025\/08\/Abisynia-Senatorska-Tomasz-Plucinski-768x512.jpg 768w, https:\/\/abisynia.org\/wp-content\/uploads\/2025\/08\/Abisynia-Senatorska-Tomasz-Plucinski-1536x1024.jpg 1536w, https:\/\/abisynia.org\/wp-content\/uploads\/2025\/08\/Abisynia-Senatorska-Tomasz-Plucinski-2048x1365.jpg 2048w\" sizes=\"auto, (max-width: 767px) 89vw, (max-width: 1000px) 54vw, (max-width: 1071px) 543px, 580px\" \/><\/figure>\n\n\n\n<p><strong>Zrealizowane i w toku<\/strong><\/p>\n\n\n\n<ul class=\"wp-block-list\">\n<li>Zdobyli\u015bmy spory grant (20 tysi\u0119cy z\u0142otych) od Fundacji Enei. We wsp\u00f3\u0142pracy z dyrekcj\u0105 SP74 uda si\u0119\u00a0dzi\u0119ki temu do ko\u0144ca roku odbrukowa\u0107 kawa\u0142ek dziedzi\u0144ca szkolnego i posadzi\u0107 tam drzewa!<\/li>\n\n\n\n<li>Trwa konkurs fotograficzny Grunwald w obiektywie 2025. Wci\u0105\u017c czekamy na Wasze prace \ud83d\ude42<\/li>\n\n\n\n<li>Kontynuujemy wolontariat z udzia\u0142em uczni\u00f3w SP 74.<\/li>\n\n\n\n<li>Kontynuujemy w\u0142\u0105czanie si\u0119 do akcji &#8222;Kierowcy dla Poznania&#8221;<\/li>\n<\/ul>\n\n\n\n<ul class=\"wp-block-list\">\n<li>Kontynuujemy dekorowanie osiedla z okazji \u015bwi\u0105t<\/li>\n\n\n\n<li>Zainterweniowali\u015bmy w sprawie przesuni\u0119cia szarego s\u0142upka przy wje\u017adzie do podolga z ul. Drzewieckiego. Jest ci\u0105gle potr\u0105cany. Czekamy na realizacj\u0119 ze strony ZDM.<\/li>\n\n\n\n<li>Otworzyli\u015bmy we wsp\u00f3\u0142pracy z IPN wystaw\u0119 o historii Gospody Targowej na terenie Parku Heweliusza<\/li>\n\n\n\n<li>Zrealizowali\u015bmy wyk\u0142ad o historii Gospody Targowej i utrwalili\u015bmy go na naszym kanale YouTube<\/li>\n\n\n\n<li>W Galerii O!p\u0142otek zawiesili\u015bmy wystaw\u0119 o odkryciach zabytk\u00f3w dokonanych w czasie przebudowy Rynku \u0141azarskiego.<\/li>\n\n\n\n<li>Asia i Maciej zg\u0142aszali pozimowe \u0142atanie dziur oraz czyszczenie kanalizacji burzowej.<\/li>\n\n\n\n<li>Interweniowali\u015bmy w sprawie ha\u0142asu zwi\u0105zanego z wy\u015bcigiem kolarskim Gran Fondo.<\/li>\n\n\n\n<li>Na bie\u017c\u0105co piel\u0119gnujemy skwery, kt\u00f3re s\u0105 pod nasz\u0105 opiek\u0105<\/li>\n\n\n\n<li>Dzi\u0119ki Adamowi uda\u0142o si\u0119 nam usun\u0105\u0107 naw\u0142o\u0107 (ro\u015blina inwazyjna!) rosn\u0105c\u0105 w ul. Miecznikowskiej.<\/li>\n<\/ul>\n\n\n\n<p><strong>Plany na nadchodz\u0105ce miesi\u0105ce<\/strong><\/p>\n\n\n\n<ul class=\"wp-block-list\">\n<li>Naprawimy uszkodzon\u0105 donico-\u0142awk\u0119 przy skwerze przy pompie.<\/li>\n\n\n\n<li>Utrwalimy mural na sklepie Spo\u0142em (lato-jesie\u0144 2025)<\/li>\n\n\n\n<li>W listopadzie dzi\u0119ki Waszym wp\u0142atom i dofinansowaniu IPN postawimy na terenie parku Heweliusza pylon SIM informuj\u0105cy o historii barak\u00f3w, kt\u00f3re kiedy\u015b tam sta\u0142y (Gospoda Targowa\/spec\u0142agier NKWD).<\/li>\n\n\n\n<li>Razem z IPN wydamy broszur\u0119 na temat historii Gospody Targowej<\/li>\n\n\n\n<li>Dla uczni\u00f3w SP74 i 11 LO zorganizujemy we wrze\u015bniu wyk\u0142ad o historii Gospody.<\/li>\n\n\n\n<li>Chcemy zorganizowa\u0107 i sfinansowa\u0107 nagrody w konkursie na ma\u0142\u0105 rze\u017ab\u0119 plenerow\u0105, kt\u00f3ra mog\u0142aby stan\u0105\u0107 na skwerze przy skrzy\u017cowaniu Marsza\u0142kowskiej z Kasztela\u0144sk\u0105 lub w Parku S\u0105siedzkim.<\/li>\n\n\n\n<li>Planujemy w galerii O!p\u0142otek zrobi\u0107 wystaw\u0119 po\u015bwi\u0119con\u0105 Adamowi Batyckiemu, akwareli\u015bcie z\u00a0Kanclerskiej<\/li>\n\n\n\n<li>Chcemy przedstawi\u0107 POSiRowi projekt nasadze\u0144 drzew na skwerze Tercetu ABC, czyli za lokomotyw\u0105 przy Bu\u0142garskiej. Nasadzenia mog\u0142yby zosta\u0107 zrealizowane z nasadze\u0144 kompensacyjnych, kt\u00f3rymi zarz\u0105dza Wydzia\u0142 Klimatu i \u015arodowiska UM.<\/li>\n\n\n\n<li>5 wrze\u015bnia odb\u0119dzie si\u0119 impreza dla cz\u0142onk\u00f3w stowarzyszenia na terenie folwarku Marcelin.<\/li>\n<\/ul>\n","protected":false},"excerpt":{"rendered":"<p>Zrealizowane i w toku Plany na nadchodz\u0105ce miesi\u0105ce<\/p>\n","protected":false},"author":1,"featured_media":0,"comment_status":"open","ping_status":"open","sticky":false,"template":"","format":"standard","meta":{"footnotes":""},"categories":[1],"tags":[],"class_list":["post-515","post","type-post","status-publish","format-standard","hentry","category-uncategorized"],"_links":{"self":[{"href":"https:\/\/abisynia.org\/index.php?rest_route=\/wp\/v2\/posts\/515","targetHints":{"allow":["GET"]}}],"collection":[{"href":"https:\/\/abisynia.org\/index.php?rest_route=\/wp\/v2\/posts"}],"about":[{"href":"https:\/\/abisynia.org\/index.php?rest_route=\/wp\/v2\/types\/post"}],"author":[{"embeddable":true,"href":"https:\/\/abisynia.org\/index.php?rest_route=\/wp\/v2\/users\/1"}],"replies":[{"embeddable":true,"href":"https:\/\/abisynia.org\/index.php?rest_route=%2Fwp%2Fv2%2Fcomments&post=515"}],"version-history":[{"count":1,"href":"https:\/\/abisynia.org\/index.php?rest_route=\/wp\/v2\/posts\/515\/revisions"}],"predecessor-version":[{"id":517,"href":"https:\/\/abisynia.org\/index.php?rest_route=\/wp\/v2\/posts\/515\/revisions\/517"}],"wp:attachment":[{"href":"https:\/\/abisynia.org\/index.php?rest_route=%2Fwp%2Fv2%2Fmedia&parent=515"}],"wp:term":[{"taxonomy":"category","embeddable":true,"href":"https:\/\/abisynia.org\/index.php?rest_route=%2Fwp%2Fv2%2Fcategories&post=515"},{"taxonomy":"post_tag","embeddable":true,"href":"https:\/\/abisynia.org\/index.php?rest_route=%2Fwp%2Fv2%2Ftags&post=515"}],"curies":[{"name":"wp","href":"https:\/\/api.w.org\/{rel}","templated":true}]}}