{"id":495,"date":"2025-02-28T13:53:40","date_gmt":"2025-02-28T12:53:40","guid":{"rendered":"https:\/\/abisynia.org\/?p=495"},"modified":"2025-03-01T14:00:37","modified_gmt":"2025-03-01T13:00:37","slug":"konkurs-fotograficzny-grunwald-w-obiektywie-2025","status":"publish","type":"post","link":"https:\/\/abisynia.org\/?p=495","title":{"rendered":"Konkurs fotograficzny &#8222;Grunwald w obiektywie 2025&#8221;"},"content":{"rendered":"\n<figure class=\"wp-block-image size-large\"><img loading=\"lazy\" decoding=\"async\" width=\"683\" height=\"1024\" src=\"http:\/\/abisynia.org\/wp-content\/uploads\/2025\/02\/CYRYL_111_0_0_2_0514-1-683x1024.jpg\" alt=\"Fot. J.Kurek\" class=\"wp-image-497\" srcset=\"https:\/\/abisynia.org\/wp-content\/uploads\/2025\/02\/CYRYL_111_0_0_2_0514-1-683x1024.jpg 683w, https:\/\/abisynia.org\/wp-content\/uploads\/2025\/02\/CYRYL_111_0_0_2_0514-1-200x300.jpg 200w, https:\/\/abisynia.org\/wp-content\/uploads\/2025\/02\/CYRYL_111_0_0_2_0514-1-768x1152.jpg 768w, https:\/\/abisynia.org\/wp-content\/uploads\/2025\/02\/CYRYL_111_0_0_2_0514-1-1024x1536.jpg 1024w, https:\/\/abisynia.org\/wp-content\/uploads\/2025\/02\/CYRYL_111_0_0_2_0514-1.jpg 1280w\" sizes=\"auto, (max-width: 683px) 100vw, 683px\" \/><figcaption class=\"wp-element-caption\">Fot. J. Kurek<\/figcaption><\/figure>\n\n\n\n<p>Z wielk\u0105 rado\u015bci\u0105 og\u0142aszamy trzeci\u0105 edycj\u0119 naszego konkursu!<\/p>\n\n\n\n<p>Celem konkursu jest ukazanie na fotografiach dzielnicy Grunwald. Przedstawi\u0107 mo\u017cna jego pi\u0119kno, niezwyk\u0142o\u015b\u0107 i oryginalno\u015b\u0107, ale te\u017c zwyk\u0142\u0105, szar\u0105 codzienno\u015b\u0107. Zapraszamy wszystkich ch\u0119tnych do udzia\u0142u. W za\u0142\u0105czniku znajdziecie regulamin oraz niezb\u0119dne dokumenty.<\/p>\n\n\n\n<p><strong><a href=\"https:\/\/drive.google.com\/file\/d\/1h_uZpIC95yELqDnpW3Rfwf3jWsyOIE5P\/view?usp=sharing\" data-type=\"link\" data-id=\"https:\/\/drive.google.com\/file\/d\/1h_uZpIC95yELqDnpW3Rfwf3jWsyOIE5P\/view?usp=sharing\">Regulamin konkursu fotograficznego \u201eGrunwald w obiektywie 2025\u201d<\/a><\/strong><\/p>\n\n\n\n<p><\/p>\n","protected":false},"excerpt":{"rendered":"<p>Z wielk\u0105 rado\u015bci\u0105 og\u0142aszamy trzeci\u0105 edycj\u0119 naszego konkursu! Celem konkursu jest ukazanie na fotografiach dzielnicy Grunwald. Przedstawi\u0107 mo\u017cna jego pi\u0119kno, niezwyk\u0142o\u015b\u0107 i oryginalno\u015b\u0107, ale te\u017c zwyk\u0142\u0105, szar\u0105 codzienno\u015b\u0107. Zapraszamy wszystkich ch\u0119tnych do udzia\u0142u. W za\u0142\u0105czniku znajdziecie regulamin oraz niezb\u0119dne dokumenty. Regulamin konkursu fotograficznego \u201eGrunwald w obiektywie 2025\u201d<\/p>\n","protected":false},"author":1,"featured_media":0,"comment_status":"open","ping_status":"open","sticky":false,"template":"","format":"standard","meta":{"footnotes":""},"categories":[1],"tags":[],"class_list":["post-495","post","type-post","status-publish","format-standard","hentry","category-uncategorized"],"_links":{"self":[{"href":"https:\/\/abisynia.org\/index.php?rest_route=\/wp\/v2\/posts\/495","targetHints":{"allow":["GET"]}}],"collection":[{"href":"https:\/\/abisynia.org\/index.php?rest_route=\/wp\/v2\/posts"}],"about":[{"href":"https:\/\/abisynia.org\/index.php?rest_route=\/wp\/v2\/types\/post"}],"author":[{"embeddable":true,"href":"https:\/\/abisynia.org\/index.php?rest_route=\/wp\/v2\/users\/1"}],"replies":[{"embeddable":true,"href":"https:\/\/abisynia.org\/index.php?rest_route=%2Fwp%2Fv2%2Fcomments&post=495"}],"version-history":[{"count":3,"href":"https:\/\/abisynia.org\/index.php?rest_route=\/wp\/v2\/posts\/495\/revisions"}],"predecessor-version":[{"id":501,"href":"https:\/\/abisynia.org\/index.php?rest_route=\/wp\/v2\/posts\/495\/revisions\/501"}],"wp:attachment":[{"href":"https:\/\/abisynia.org\/index.php?rest_route=%2Fwp%2Fv2%2Fmedia&parent=495"}],"wp:term":[{"taxonomy":"category","embeddable":true,"href":"https:\/\/abisynia.org\/index.php?rest_route=%2Fwp%2Fv2%2Fcategories&post=495"},{"taxonomy":"post_tag","embeddable":true,"href":"https:\/\/abisynia.org\/index.php?rest_route=%2Fwp%2Fv2%2Ftags&post=495"}],"curies":[{"name":"wp","href":"https:\/\/api.w.org\/{rel}","templated":true}]}}