{"id":470,"date":"2024-01-12T12:20:26","date_gmt":"2024-01-12T11:20:26","guid":{"rendered":"https:\/\/abisynia.org\/?p=470"},"modified":"2024-01-17T11:47:01","modified_gmt":"2024-01-17T10:47:01","slug":"grunwald-w-obiektywie-2023-konkurs-fotograficzny-rozstrzygniety","status":"publish","type":"post","link":"https:\/\/abisynia.org\/?p=470","title":{"rendered":"Grunwald w obiektywie 2023 \u2013 konkurs fotograficzny rozstrzygni\u0119ty !!!"},"content":{"rendered":"\n<figure class=\"wp-block-image size-large\"><img loading=\"lazy\" decoding=\"async\" width=\"1024\" height=\"696\" src=\"https:\/\/abisynia.org\/wp-content\/uploads\/2024\/01\/CNV000037-1024x696.jpg\" alt=\"\" class=\"wp-image-472\" srcset=\"https:\/\/abisynia.org\/wp-content\/uploads\/2024\/01\/CNV000037-1024x696.jpg 1024w, https:\/\/abisynia.org\/wp-content\/uploads\/2024\/01\/CNV000037-300x204.jpg 300w, https:\/\/abisynia.org\/wp-content\/uploads\/2024\/01\/CNV000037-768x522.jpg 768w, https:\/\/abisynia.org\/wp-content\/uploads\/2024\/01\/CNV000037-1536x1044.jpg 1536w, https:\/\/abisynia.org\/wp-content\/uploads\/2024\/01\/CNV000037-2048x1392.jpg 2048w\" sizes=\"auto, (max-width: 767px) 89vw, (max-width: 1000px) 54vw, (max-width: 1071px) 543px, 580px\" \/><\/figure>\n\n\n\n<p>Przed Wami wyb\u00f3r zdj\u0119\u0107 dokonany spo\u015br\u00f3d ponad 140 prac nades\u0142anych na konkurs Grunwald w Obiektywie 2023. Fotografie s\u0105 czarno-bia\u0142e i kolorowe, robione telefonem kom\u00f3rkowym lub profesjonalnym aparatem, cyfrowe i analogowe, wykonywane z ziemi lub powietrza. \u0141\u0105czy je wsp\u00f3lny temat: grunwaldzki fyrtel! Uczestnikom konkursu uda\u0142o si\u0119 uchwyci\u0107 wielowymiarowo\u015b\u0107 tego kawa\u0142ka Poznania. Mo\u017cemy przyjrze\u0107 si\u0119 starym parkom i zat\u0142oczonym arteriom, nobliwym willom Ostroroga i surowym blokom osiedla Kopernika. Jedni autorzy &#8222;portretowali&#8221; ca\u0142e ulice lub kwarta\u0142y, inni skupili si\u0119 na detalach takich jak okno, czy wys\u0142u\u017cona klamka przedwojennej furtki. Dla jednych wa\u017cne by\u0142o ukazanie pi\u0119kna dzielnicy poprzez eksponowanie szlachetniej architektury albo pi\u0119knej zieleni, inni skierowali obiektyw na nieporadny mural czy odrapane blaszane gara\u017ce. Ale przecie\u017c te mniej urokliwe zak\u0105tki, to tak\u017ce nasza dzielnica i tak\u017ce do nich mo\u017cna mie\u0107 sentyment! Poziom nades\u0142anych prac by\u0142 bardzo r\u00f3\u017cny. Zna\u0107 by\u0142o osoby kt\u00f3re \u015bwietnie pos\u0142uguj\u0105 si\u0119 aparatem jak i ca\u0142kowitych amator\u00f3w. \u0141\u0105czy\u0142a ich tw\u00f3rcza pasja i ch\u0119\u0107 zatrzymania w kadrze kawa\u0142ka osiedla, kt\u00f3re jest ich miejscem na ziemi.<\/p>\n\n\n\n<p><a rel=\"noreferrer noopener\" href=\"https:\/\/drive.google.com\/file\/d\/18ug4Lw5edGMbZblcOwlkufOuiANjtiiQ\/view?usp=sharing\" data-type=\"URL\" data-id=\"https:\/\/drive.google.com\/file\/d\/18ug4Lw5edGMbZblcOwlkufOuiANjtiiQ\/view?usp=sharing\" target=\"_blank\"><strong>Album pokonkursowy do pobrania<\/strong>.<\/a><\/p>\n","protected":false},"excerpt":{"rendered":"<p>Przed Wami wyb\u00f3r zdj\u0119\u0107 dokonany spo\u015br\u00f3d ponad 140 prac nades\u0142anych na konkurs Grunwald w Obiektywie 2023. Fotografie s\u0105 czarno-bia\u0142e i kolorowe, robione telefonem kom\u00f3rkowym lub profesjonalnym aparatem, cyfrowe i analogowe, wykonywane z ziemi lub powietrza. \u0141\u0105czy je wsp\u00f3lny temat: grunwaldzki fyrtel! Uczestnikom konkursu uda\u0142o si\u0119 uchwyci\u0107 wielowymiarowo\u015b\u0107 tego kawa\u0142ka Poznania. Mo\u017cemy przyjrze\u0107 si\u0119 starym parkom &hellip; <\/p>\n<p class=\"link-more\"><a href=\"https:\/\/abisynia.org\/?p=470\" class=\"more-link\">Czytaj dalej<span class=\"screen-reader-text\"> \u201eGrunwald w obiektywie 2023 \u2013 konkurs fotograficzny rozstrzygni\u0119ty !!!\u201d<\/span><\/a><\/p>\n","protected":false},"author":1,"featured_media":0,"comment_status":"open","ping_status":"open","sticky":false,"template":"","format":"standard","meta":{"footnotes":""},"categories":[1],"tags":[],"class_list":["post-470","post","type-post","status-publish","format-standard","hentry","category-uncategorized"],"_links":{"self":[{"href":"https:\/\/abisynia.org\/index.php?rest_route=\/wp\/v2\/posts\/470","targetHints":{"allow":["GET"]}}],"collection":[{"href":"https:\/\/abisynia.org\/index.php?rest_route=\/wp\/v2\/posts"}],"about":[{"href":"https:\/\/abisynia.org\/index.php?rest_route=\/wp\/v2\/types\/post"}],"author":[{"embeddable":true,"href":"https:\/\/abisynia.org\/index.php?rest_route=\/wp\/v2\/users\/1"}],"replies":[{"embeddable":true,"href":"https:\/\/abisynia.org\/index.php?rest_route=%2Fwp%2Fv2%2Fcomments&post=470"}],"version-history":[{"count":2,"href":"https:\/\/abisynia.org\/index.php?rest_route=\/wp\/v2\/posts\/470\/revisions"}],"predecessor-version":[{"id":473,"href":"https:\/\/abisynia.org\/index.php?rest_route=\/wp\/v2\/posts\/470\/revisions\/473"}],"wp:attachment":[{"href":"https:\/\/abisynia.org\/index.php?rest_route=%2Fwp%2Fv2%2Fmedia&parent=470"}],"wp:term":[{"taxonomy":"category","embeddable":true,"href":"https:\/\/abisynia.org\/index.php?rest_route=%2Fwp%2Fv2%2Fcategories&post=470"},{"taxonomy":"post_tag","embeddable":true,"href":"https:\/\/abisynia.org\/index.php?rest_route=%2Fwp%2Fv2%2Ftags&post=470"}],"curies":[{"name":"wp","href":"https:\/\/api.w.org\/{rel}","templated":true}]}}