{"id":445,"date":"2023-01-16T19:41:25","date_gmt":"2023-01-16T18:41:25","guid":{"rendered":"https:\/\/abisynia.org\/?p=445"},"modified":"2023-11-27T12:29:13","modified_gmt":"2023-11-27T11:29:13","slug":"grunwald-w-obiektywie-2023-konkurs-fotograficzny","status":"publish","type":"post","link":"https:\/\/abisynia.org\/?p=445","title":{"rendered":"Grunwald w obiektywie 2023 &#8211; konkurs fotograficzny"},"content":{"rendered":"\n<p> <\/p>\n\n\n\n<p class=\"has-text-align-center\"><strong>UWAGA !!!  <\/strong><\/p>\n\n\n\n<p class=\"has-text-align-center\"><strong>TERMIN NADSY\u0141ANIA PRAC PRZED\u0141U\u017bONY <\/strong><\/p>\n\n\n\n<p class=\"has-text-align-center\"><strong>DO 12 LISTOPADA 2023<\/strong><\/p>\n\n\n\n<figure class=\"wp-block-image size-full\"><img loading=\"lazy\" decoding=\"async\" width=\"547\" height=\"809\" src=\"https:\/\/abisynia.org\/wp-content\/uploads\/2023\/01\/Przechwytywanie.jpg\" alt=\"\" class=\"wp-image-446\" srcset=\"https:\/\/abisynia.org\/wp-content\/uploads\/2023\/01\/Przechwytywanie.jpg 547w, https:\/\/abisynia.org\/wp-content\/uploads\/2023\/01\/Przechwytywanie-203x300.jpg 203w\" sizes=\"auto, (max-width: 547px) 100vw, 547px\" \/><\/figure>\n\n\n\n<p>Zapraszamy Was do wzi\u0119cia udzia\u0142u w konkursie fotograficznym! Tematem konkursu jest Grunwald. Jego mieszka\u0144cy, architektura, przyroda, historia i tera\u017aniejszo\u015b\u0107. Jego pi\u0119kne jak i mniej urokliwe strony. To od Was zale\u017cy jak chcecie go ukaza\u0107. Mo\u017cecie przes\u0142a\u0107 trzy fotografie i wygra\u0107 nawet 600 z\u0142otych. Z Waszych zdj\u0119\u0107 zrobimy plenerow\u0105 wystaw\u0119 i kalendarz na 2024. Poni\u017cej w pliku pdf znajdziecie regulamin konkursu, formularz zg\u0142oszeniowy i o\u015bwiadczenia.<\/p>\n\n\n\n<p class=\"has-text-align-center\"> <p class=\"has-text-align-center\"><strong>UWAGA !!!  <\/strong><\/p>   <p class=\"has-text-align-center\"><strong>TERMIN NADSY\u0141ANIA PRAC PRZED\u0141U\u017bONY <\/strong><\/p><strong>   DO 12 LISTOPADA 2023 <\/strong><\/p>\n\n\n\n<p><strong><a href=\"https:\/\/drive.google.com\/file\/d\/1V7P5dBoFGqGTe0TtAx8NeE12YF_iiiTw\/view?usp=share_link\" target=\"_blank\" rel=\"noreferrer noopener\">Regulamin i dokumenty do wype\u0142nienia<\/a><\/strong><\/p>\n","protected":false},"excerpt":{"rendered":"<p>UWAGA !!! TERMIN NADSY\u0141ANIA PRAC PRZED\u0141U\u017bONY DO 12 LISTOPADA 2023 Zapraszamy Was do wzi\u0119cia udzia\u0142u w konkursie fotograficznym! Tematem konkursu jest Grunwald. Jego mieszka\u0144cy, architektura, przyroda, historia i tera\u017aniejszo\u015b\u0107. Jego pi\u0119kne jak i mniej urokliwe strony. To od Was zale\u017cy jak chcecie go ukaza\u0107. Mo\u017cecie przes\u0142a\u0107 trzy fotografie i wygra\u0107 nawet 600 z\u0142otych. Z Waszych &hellip; <\/p>\n<p class=\"link-more\"><a href=\"https:\/\/abisynia.org\/?p=445\" class=\"more-link\">Czytaj dalej<span class=\"screen-reader-text\"> \u201eGrunwald w obiektywie 2023 &#8211; konkurs fotograficzny\u201d<\/span><\/a><\/p>\n","protected":false},"author":1,"featured_media":0,"comment_status":"open","ping_status":"open","sticky":false,"template":"","format":"standard","meta":{"footnotes":""},"categories":[1],"tags":[],"class_list":["post-445","post","type-post","status-publish","format-standard","hentry","category-uncategorized"],"_links":{"self":[{"href":"https:\/\/abisynia.org\/index.php?rest_route=\/wp\/v2\/posts\/445","targetHints":{"allow":["GET"]}}],"collection":[{"href":"https:\/\/abisynia.org\/index.php?rest_route=\/wp\/v2\/posts"}],"about":[{"href":"https:\/\/abisynia.org\/index.php?rest_route=\/wp\/v2\/types\/post"}],"author":[{"embeddable":true,"href":"https:\/\/abisynia.org\/index.php?rest_route=\/wp\/v2\/users\/1"}],"replies":[{"embeddable":true,"href":"https:\/\/abisynia.org\/index.php?rest_route=%2Fwp%2Fv2%2Fcomments&post=445"}],"version-history":[{"count":5,"href":"https:\/\/abisynia.org\/index.php?rest_route=\/wp\/v2\/posts\/445\/revisions"}],"predecessor-version":[{"id":455,"href":"https:\/\/abisynia.org\/index.php?rest_route=\/wp\/v2\/posts\/445\/revisions\/455"}],"wp:attachment":[{"href":"https:\/\/abisynia.org\/index.php?rest_route=%2Fwp%2Fv2%2Fmedia&parent=445"}],"wp:term":[{"taxonomy":"category","embeddable":true,"href":"https:\/\/abisynia.org\/index.php?rest_route=%2Fwp%2Fv2%2Fcategories&post=445"},{"taxonomy":"post_tag","embeddable":true,"href":"https:\/\/abisynia.org\/index.php?rest_route=%2Fwp%2Fv2%2Ftags&post=445"}],"curies":[{"name":"wp","href":"https:\/\/api.w.org\/{rel}","templated":true}]}}