{"id":423,"date":"2022-09-13T13:14:42","date_gmt":"2022-09-13T11:14:42","guid":{"rendered":"https:\/\/abisynia.org\/?p=423"},"modified":"2022-10-26T11:00:15","modified_gmt":"2022-10-26T09:00:15","slug":"co-w-stowarzyszeniu-piszczy","status":"publish","type":"post","link":"https:\/\/abisynia.org\/?p=423","title":{"rendered":"Co w Stowarzyszeniu piszczy"},"content":{"rendered":"\n<figure class=\"wp-block-image size-large\"><img loading=\"lazy\" decoding=\"async\" width=\"1024\" height=\"576\" src=\"http:\/\/abisynia.org\/wp-content\/uploads\/2022\/09\/304854324_1338463883228128_4733982151751706355_n-1024x576.jpg\" alt=\"\" class=\"wp-image-426\" srcset=\"https:\/\/abisynia.org\/wp-content\/uploads\/2022\/09\/304854324_1338463883228128_4733982151751706355_n-1024x576.jpg 1024w, https:\/\/abisynia.org\/wp-content\/uploads\/2022\/09\/304854324_1338463883228128_4733982151751706355_n-300x169.jpg 300w, https:\/\/abisynia.org\/wp-content\/uploads\/2022\/09\/304854324_1338463883228128_4733982151751706355_n-768x432.jpg 768w, https:\/\/abisynia.org\/wp-content\/uploads\/2022\/09\/304854324_1338463883228128_4733982151751706355_n-1536x864.jpg 1536w, https:\/\/abisynia.org\/wp-content\/uploads\/2022\/09\/304854324_1338463883228128_4733982151751706355_n.jpg 2016w\" sizes=\"auto, (max-width: 767px) 89vw, (max-width: 1000px) 54vw, (max-width: 1071px) 543px, 580px\" \/><\/figure>\n\n\n\n<p> <\/p>\n\n\n\n<span class=\"collapseomatic \" id=\"id69f2cadc7be24\"  tabindex=\"0\" title=\"&lt;strong&gt;Zrealizowane zadania&lt;\/strong&gt;&lt;\/p&gt;\n\n\n\n&lt;p&gt;\"    ><strong>Zrealizowane zadania<\/strong><\/p>\n\n\n\n<p><\/span><div id=\"target-id69f2cadc7be24\" class=\"collapseomatic_content \">\n\n\n\n<p>&#8211; Ods\u0142onili\u015bmy rze\u017aby prof. Anny Rodzi\u0144skiej w parku przy Podkomorskiej. Po uroczysto\u015bci odby\u0142 si\u0119 sfinansowany przez nas wyk\u0142ad popularyzorski dotycz\u0105cy sztuki wsp\u00f3\u0142czesnej profesora Krzysztofa Moraczewskiego.<\/p>\n\n\n\n<p>&#8211; Dorzucili\u015bmy si\u0119 do zakupu kamery monitoringu dla Wsp\u00f3lnoty Mieszkaniowej przy Cze\u015bnikowskiej. Kamera obejmuje kawa\u0142ek parku przy Podkomorskiej i rze\u017aby profesor Rodzi\u0144skiej.&nbsp;<\/p>\n\n\n\n<p>&#8211; Jan i Adam Pieczy\u0144scy pomogli przewie\u017a\u0107 zabytkow\u0105 pomp\u0119 z ogrodk\u00f3w dzia\u0142kowych przy Reymonta, kt\u00f3r\u0105 poddali\u015bmy renowacji.  Zosta\u0142a posadowiona w Parku Manitiusa.<\/p>\n\n\n\n<p>&#8211; Joanna Tropi\u0142o zosta\u0142a nasz\u0105 &#8222;\u0142\u0105czniczk\u0105&#8221; z ZDM i Aquanetem. Dzi\u0119ki temu zg\u0142aszanie awarii u usterek jest o wiele szybsze.&nbsp;<\/p>\n\n\n\n<p>&#8211; Joanna i Paula Pietrkiewwicz przeprowadzi\u0142y audyt dziur na osiedlowych ulicach. Lista ubytk\u00f3w w jezdni zosta\u0142a przekazana ZDM, kt\u00f3ry dziury za\u0142ata\u0142.&nbsp;<\/p>\n\n\n\n<p>&#8211; Aleksander Przybylski poprowadzi\u0142 spacer architektoniczny po Abisynii.<\/p>\n\n\n\n<p>&#8211; Zaimpregnowali\u015bmy \u0142awko-donic\u0119 na skwerze przy pompie, wsadzili\u015bmy do niej wrzo\u015bce a p\u00f3\u017cniej bratki. A ostatnio Luiza zn\u00f3w posadzi\u0142a wrzo\u015bce.<\/p>\n\n\n\n<p>&#8211; W zwi\u0105zku z napa\u015bci\u0105 Rosji na Ukrain\u0119 zorganizowali\u015bmy wystaw\u0119 antywojennych i proukrai\u0144skich grafik w Galerii O!p\u0142otek<\/p>\n\n\n\n<p>&#8211; Zaprosili\u015bmy dzieciaki z Ukrainy ucz\u0119szczaj\u0105ce do SP 74 do wykonania pisanek, kt\u00f3re zawiesili\u015bmy na &#8222;drzewku&#8221; przy skwerze przy pompie.<\/p>\n\n\n\n<p>&#8211; Sfinansowali\u015bmy wyk\u0142ad profesora Arkadiusza Je\u0142owickiego na temat tradycji wykonywania ukrai\u0144skich pisanek oraz ich symboliki.<\/p>\n\n\n\n<p>&#8211; Udost\u0119pniali\u015bmy posty Agnieszku Kucy, kt\u00f3ra zaangazowana by\u0142a w zbi\u00f3rki odzie\u017cy oraz innych artyku\u0142\u00f3w dla uchod\u017ac\u00f3w.&nbsp;<\/p>\n\n\n\n<p>&#8211; Zg\u0142osili\u015bmy konieczno\u015b\u0107 usuni\u0119cia jemio\u0142y z jesion\u00f3w do ZDM, co zosta\u0142o zrealizowane.<\/p>\n\n\n\n<p>&#8211; Naprawili\u015bmy uszkodzony dekiel pompy przy Senatorskiej.<\/p>\n\n\n\n<p>&#8211; Gablota stowarzyszenia zyska\u0142a &#8222;redkatork\u0119 gazetki \u015bciennej&#8221; w osobie Agnieszki Krzy\u015bki:)<\/p>\n\n\n\n<p>Wraz z ZZM uczestniczyli\u015bmy w oficjalnym otwarciu Parku S\u0105siedzkiego przy ulicy Podkomorskiej.<\/p>\n\n\n\n<p>&#8211; Wznowili\u015bmy razem ze Stowarzyszeniem \u0141az\u0119ga Pozna\u0144ska zbi\u00f3rk\u0119 na odtworzenie zniszczonego pylonu SIM nad Rusa\u0142k\u0105.<\/p>\n\n\n\n<p>&#8211; Udost\u0119pniali\u015bmy nagrania z w\u0142ama\u0144 przy Kasztela\u0144skiej i Kanclerskiej ponawiaj\u0105c apele dotycz\u0105ce zamykania furtek i zg\u0142aszania kradzie\u017cy na policj\u0119.&nbsp;<\/p>\n\n\n\n<p>&#8211; Posadzili\u015bmy w parku przy Podkomorskiej &nbsp;brzozy pami\u0119ci Micha\u0142a Rajewskiego oraz zamontowali\u015bmy tabliczk\u0119 na pobliskiej \u0142awce dedykuj\u0105c j\u0105 Micha\u0142owi.<\/p>\n\n\n\n<p>&#8211; Wyst\u0105pili\u015bmy w programie o Abisynii z cyklu M\u00d3J POZNA\u0143 MOJA WIELKOPOLSKA, do obejrzenia na kanale You Tube.<\/p>\n\n\n\n<p>&#8211; Dzi\u0119ki staraniom naszym i radnych OGRPd po\u0142o\u017cony zosta\u0142 wreszcie nowy asfalt na ulicy Senatorskiej na kt\u00f3rej trwa\u0142 remont Aquanetu.<\/p>\n\n\n\n<p>&#8211; Zlicytowali\u015bmy antywojenne grafiki z Galerii O!p\u0142otek i pieni\u0105dze przekazali\u015bmy na wyposa\u017cenie tira z pomoc\u0105 medyczn\u0105 dla szpitala w Stanis\u0142awowie.&nbsp;<\/p>\n\n\n\n<\/div>\n\n\n\n<p> <span class=\"collapseomatic \" id=\"id69f2cadc7c038\"  tabindex=\"0\" title=\" &lt;strong&gt;Plany na ostatni kwarta\u0142 2022 i 2023 r.&lt;\/strong&gt;   &lt;\/p&gt;&lt;p&gt;\"    > <strong>Plany na ostatni kwarta\u0142 2022 i 2023 r.<\/strong>   <\/p><p><\/span><div id=\"target-id69f2cadc7c038\" class=\"collapseomatic_content \">&#8211; Przygotujemy wystaw\u0119 w Galerii O!p\u0142otek dotycz\u0105c\u0105 5 lecia istnienia Stowarzyszenia.<\/p>\n\n\n\n<p>&#8211; Chcemy sfinansowa\u0107 wyk\u0142ad dra Paw\u0142a Skrzypalika dotycz\u0105cy dawnego cmentarza ewengelickiego przy ul. Grunwaldzkiej.&nbsp;<\/p>\n\n\n\n<p>&#8211; We\u017amiemy udzia\u0142 w otwarciu wystawy w Muzeum Archeologicznym i na Rynku \u0141azarskim, kt\u00f3ra po\u015bwi\u0119cona jest wynikom poszukiwa\u0144 na rynku w zwi\u0105zku z jego przebudow\u0105. Wystawa fotograficzna z rynku pow\u0119druje p\u00f3\u017aniej do Galerii O!p\u0142otek.<\/p>\n\n\n\n<p>&#8211; Rozpoczniemy prace nad adaptacj\u0105 skweru Marsza\u0142kowska\/Kasztela\u0144ska.<\/p>\n\n\n\n<p>&#8211; Rozwa\u017cymy dokupienie 5 berberys\u00f3w p\u0142o\u017c\u0105cych i s\u0142upk\u00f3w z link\u0105 na rabat\u0119 w parku przy Podkomorskiej, kt\u00f3ra jest rozdeptywana przez pieszych.&nbsp;<\/p>\n\n\n\n<p>&#8211; B\u0119dziemy dzia\u0142a\u0107 nadal przy pracach zwi\u0105zanych z przebudow\u0105 ulicy Kasztela\u0144skiej, czeka nas dyskusja odno\u015bnie zmiany kierunk\u00f3w ruchu na ca\u0142ej Abisynii<\/p>\n\n\n\n<p>&#8211; Mirek Preiss w\u0142\u0105czy\u0142 si\u0119 w dzia\u0142ania w ograniczeniu ruchu na ul. Marsza\u0142kowskiej poprzez wprowadzenie skrzy\u017cowa\u0144 r\u00f3wnorz\u0119dnych, wraz z Ann\u0105 Sasiak-Patkowsk\u0105 wnioskowali w tym temacie na sesji rady osiedla.<\/p>\n\n\n\n<p>&#8211; Zawnioskowali\u015bmy do rady osiedla GrPD o oficjalnie nazwanie parku przy ul. Podkomorskiej PARKIEM S\u0104SIEDZKIM.<\/p>\n\n\n\n<p>&#8211; Chcieliby\u015bmy zorganizowa\u0107 ognisko w lasku Marceli\u0144skim lub na Strzeszynie tak jak to mieli\u015bmy w zwyczaju przed pandemi\u0105.<\/p>\n\n\n\n<\/div>\n","protected":false},"excerpt":{"rendered":"","protected":false},"author":1,"featured_media":0,"comment_status":"open","ping_status":"open","sticky":false,"template":"","format":"standard","meta":{"footnotes":""},"categories":[1],"tags":[],"class_list":["post-423","post","type-post","status-publish","format-standard","hentry","category-uncategorized"],"_links":{"self":[{"href":"https:\/\/abisynia.org\/index.php?rest_route=\/wp\/v2\/posts\/423","targetHints":{"allow":["GET"]}}],"collection":[{"href":"https:\/\/abisynia.org\/index.php?rest_route=\/wp\/v2\/posts"}],"about":[{"href":"https:\/\/abisynia.org\/index.php?rest_route=\/wp\/v2\/types\/post"}],"author":[{"embeddable":true,"href":"https:\/\/abisynia.org\/index.php?rest_route=\/wp\/v2\/users\/1"}],"replies":[{"embeddable":true,"href":"https:\/\/abisynia.org\/index.php?rest_route=%2Fwp%2Fv2%2Fcomments&post=423"}],"version-history":[{"count":10,"href":"https:\/\/abisynia.org\/index.php?rest_route=\/wp\/v2\/posts\/423\/revisions"}],"predecessor-version":[{"id":442,"href":"https:\/\/abisynia.org\/index.php?rest_route=\/wp\/v2\/posts\/423\/revisions\/442"}],"wp:attachment":[{"href":"https:\/\/abisynia.org\/index.php?rest_route=%2Fwp%2Fv2%2Fmedia&parent=423"}],"wp:term":[{"taxonomy":"category","embeddable":true,"href":"https:\/\/abisynia.org\/index.php?rest_route=%2Fwp%2Fv2%2Fcategories&post=423"},{"taxonomy":"post_tag","embeddable":true,"href":"https:\/\/abisynia.org\/index.php?rest_route=%2Fwp%2Fv2%2Ftags&post=423"}],"curies":[{"name":"wp","href":"https:\/\/api.w.org\/{rel}","templated":true}]}}