{"id":377,"date":"2022-02-17T11:32:53","date_gmt":"2022-02-17T10:32:53","guid":{"rendered":"http:\/\/abisynia.org\/?p=377"},"modified":"2022-09-13T13:35:14","modified_gmt":"2022-09-13T11:35:14","slug":"podsumowania-i-plany","status":"publish","type":"post","link":"https:\/\/abisynia.org\/?p=377","title":{"rendered":"Podsumowania i plany"},"content":{"rendered":"\n<p><\/p>\n\n\n\n<figure class=\"wp-block-image size-large\"><img loading=\"lazy\" decoding=\"async\" width=\"854\" height=\"523\" src=\"http:\/\/abisynia.org\/wp-content\/uploads\/2022\/02\/Zrzut-ekranu-2022-01-28-o-11.29.31.png\" alt=\"\" class=\"wp-image-378\" srcset=\"https:\/\/abisynia.org\/wp-content\/uploads\/2022\/02\/Zrzut-ekranu-2022-01-28-o-11.29.31.png 854w, https:\/\/abisynia.org\/wp-content\/uploads\/2022\/02\/Zrzut-ekranu-2022-01-28-o-11.29.31-300x184.png 300w, https:\/\/abisynia.org\/wp-content\/uploads\/2022\/02\/Zrzut-ekranu-2022-01-28-o-11.29.31-768x470.png 768w\" sizes=\"auto, (max-width: 767px) 89vw, (max-width: 1000px) 54vw, (max-width: 1071px) 543px, 580px\" \/><\/figure>\n\n\n\n<p><\/p>\n\n\n\n<p>Oto lista naszych dotychczasowych dokona\u0144 w drugiej po\u0142owie 2021 r. oraz zapowiedzi najwa\u017cniejszych dzia\u0142a\u0144 na pierwsz\u0105 po\u0142ow\u0119 2022 r. Zach\u0119camy Was do aktywnego w\u0142\u0105czania si\u0119&nbsp;dzia\u0142alno\u015b\u0107 Stowarzyszenia, dzielenia si\u0119 pomys\u0142ami i uwagami. A tak\u017ce do pomocy przy r\u00f3\u017cnych dzia\u0142aniach terenowych takich jak sprz\u0105tanie, sadzenie i piel\u0119gnacja ro\u015blin, dekorowanie osiedla. <\/p>\n\n\n\n<span class=\"collapseomatic \" id=\"id69ef7355a718f\"  tabindex=\"0\" title=\"&lt;strong&gt;Co ostatnio zrobili\u015bmy ?&lt;\/strong&gt;&lt;\/p&gt;\n\n\n\n&lt;p&gt;\"    ><strong>Co ostatnio zrobili\u015bmy ?<\/strong><\/p>\n\n\n\n<p><\/span><div id=\"target-id69ef7355a718f\" class=\"collapseomatic_content \">\n\n\n\n<p>&#8211; Zorganizowali\u015bmy wystaw\u0119 pokonkursow\u0105 &#8222;Abisynia w obiektywie&#8221; w Galerii O!p\u0142otek.<\/p>\n\n\n\n<p>&#8211; Wydali\u015bmy kalendarz na 2022 r. ze zdj\u0119ciami z konkursu.<\/p>\n\n\n\n<p>&#8211; Zaprojektowali\u015bmy i ustawili\u015bmy przy pompie donic\u0119 z kwiatami ob\u0142o\u017con\u0105 historycznym klinkierem.&nbsp;<\/p>\n\n\n\n<p>&#8211; Zorganizowali\u015bmy spacer z przewodnikiem po Abisynii (tym razem tropem ptak\u00f3w i przyrody) we wsp\u00f3\u0142pracy z Festiwalem Malta.<\/p>\n\n\n\n<p>&#8211; Skutecznie interweniowali\u015bmy w sprawie uszkodzonej tablicy z nazw\u0105 ulic przy skrzy\u017cowaniu Miecznikowska\/Podkomorska i uszkodzonego s\u0142upa przy Kasztela\u0144skiej\/Senatorskiej.<\/p>\n\n\n\n<p>&#8211; Zorganizowali\u015bmy wrze\u015bniowe sprz\u0105tanie \u015bwiata.<\/p>\n\n\n\n<p>&#8211; Ustawili\u015bmy rze\u017aby prof. Anny Rodzi\u0144skiej na terenie parku przy Podkomorskiej, kt\u00f3re wykonane zosta\u0142y z grantu Centrum Rze\u017aby Polskiej w Oro\u0144sku, ale tak\u017ce z naszych \u015brodk\u00f3w. Dzi\u0119kujemy darczy\u0144com!<\/p>\n\n\n\n<p>&#8211; Podzi\u0119kowali\u015bmy Piotrowi Fr\u0105czykowi za jego dotychczasow\u0105 dzia\u0142alno\u015b\u0107 jako cz\u0142onka zarz\u0105du i  wybrali\u015bmy na to stanowisko Ani\u0119 Dembi\u0144sk\u0105-Po\u0142udniak.<\/p>\n\n\n\n<p>&#8211; Skosili\u015bmy i powi\u0119kszyli\u015bmy \u0142\u0105ki kwietne przed Spo\u0142em.<\/p>\n\n\n\n<p>&#8211; Pomogli\u015bmy s\u0105siadom za\u0142o\u017cy\u0107 nowe \u0142\u0105ki kwietnie w pasie zieleni przy ul. S\u0142onecznej.<\/p>\n\n\n\n<p>&#8211; Interweniowali\u015bmy u pos\u0142\u00f3w z komisji infrastruktury i Miejskiego Konserwatora Zabytk\u00f3w w sprawie paczkomaty ustawionego w lini p\u0142otu przy skrzy\u017cowaniu Podkomorskiej i Marsza\u0142kowskiej. Na razie bez skutku.<\/p>\n\n\n\n<p>&#8211; Zidentyfikowali\u015bmy autork\u0119 anonimowej do tej porty rze\u017aby Dziewczynki z psem stoj\u0105cej przed przedszkolem i zamontowali\u015bmy tabliczk\u0119 z nazw\u0105.&nbsp;<\/p>\n\n\n\n<p>&#8211; Udekorowali\u015bmy ul. Kasztela\u0144sk\u0105 i Drzewieckiego kokardami oraz ubrali\u015bmy hydranty z okazji \u015awi\u0119ta Niepodleg\u0142o\u015bci i rocznicy wybuchu Powstania Wielkopolskiego.<\/p>\n\n\n\n<p>&#8211; Pami\u0119tali\u015bmy o naszych listonoszkach z okazji Dnia Listonosza, funduj\u0105c im s\u0142odki pocz\u0119stunek w kawiarni przy Cze\u015bnikowskiej.<\/p>\n\n\n\n<p>&#8211; Ods\u0142onili\u015bmy wystaw\u0119 zdj\u0119\u0107 pt. &#8222;Szukaj\u0105c \u015bwiat\u0142a&#8221; autorstwa Jacka Kordusa w Galerii O!p\u0142otek. Wydruk sfinansowa\u0142a Karolina Domagalska.<\/p>\n\n\n\n<p>&#8211; Z okazji \u015awi\u0105t Bo\u017cego Narodzenia udekorowali\u015bmy ul. Drzewieckiego i ustawili\u015bmy &#8222;choink\u0119&#8221; wykonan\u0105 przez Krzysztofa Przybylskiego. Bombki wykonali\u015bmy sami oraz przy pomocy dzieciak\u00f3w z przedszkola nr 47.<\/p>\n\n\n\n<p>&#8211; Pozbyli\u015bmy si\u0119 jemio\u0142y z kilku jarz\u0105b\u00f3w rosn\u0105cych przy Kasztela\u0144skiej i zg\u0142osili\u015bmy do ZDM konieczno\u015b\u0107 usuni\u0119cia&nbsp;paso\u017cyt\u00f3w&nbsp;z jesion\u00f3w na Kasztela\u0144skiej i Marsza\u0142kowskiej.<\/p>\n\n\n\n<p><\/p>\n\n\n\n<p><strong>Najwa\u017cniejsze plany na pierwsz\u0105 po\u0142ow\u0119 2022 r.<\/strong><\/p>\n\n\n\n<p>&#8211; Wydamy poradnik autorstwa Jakuba G\u0142aza pt. Dobre zachowanie po\u015bwi\u0119cony temu jak remontowa\u0107 architektur\u0119 modernistyczn\u0105.<\/p>\n\n\n\n<p>&#8211; Zorganizujemy spacer architektoniczny po osiedlu, kt\u00f3ry poprowadzi Aleksander Przybylski.<\/p>\n\n\n\n<p>&#8211; B\u0119dziemy zabiega\u0107 w Aqunecie o przywr\u00f3cenie funkcjonowania pomp przy Senatorskiej, \u017ceby mo\u017cna by\u0142o podlewa\u0107 z niej skwer.<\/p>\n\n\n\n<p>&#8211; Rozpoczniemy dzia\u0142ania zwi\u0105zana z nowymi nasadzeniami na skwerku u zbiegu ul. Marsza\u0142kowskiej i Kszatela\u0144skiej.<\/p>\n\n\n\n<p>&#8211; Ods\u0142onimy rze\u017aby prof. Rodzi\u0144skiej i zorganizujemy spotkanie s\u0105siedzkie w nowym parku po\u0142\u0105czony z prelekcj\u0105 o rze\u017abie wsp\u00f3\u0142czesnej prof. Krzysztofa Moraczewskiego.<\/p>\n\n\n\n<p>&#8211; W ramach kontynuowania projektu Nasz S\u0105siad Gerard Labuda zrealizujemy wyk\u0142ad prof. Tomasza Jurka o staropolskich urz\u0119dach, kt\u00f3re da\u0142y nazwy naszym ulicom.<\/p>\n\n\n\n<p>&nbsp;&#8211; W nowym parku chcemy sfinansowa\u0107 zakup drzewa oraz &nbsp;\u0142awki po\u015bwi\u0119conych pami\u0119ci Micha\u0142a Rajewskiego.<\/p>\n\n\n\n<p>&#8211; Sfinansujemy i przeprowadzimy renowacj\u0119 zabytkowej pompy z dawnego cmentarza ewangelickiego, kt\u00f3ra zosta\u0142a odzyskana z ogrod\u00f3w dzia\u0142kowych i ustawimy j\u0105 ponownie w parku Manitiusa.<\/p>\n\n\n\n<\/div>\n","protected":false},"excerpt":{"rendered":"<p>Oto lista naszych dotychczasowych dokona\u0144 w drugiej po\u0142owie 2021 r. oraz zapowiedzi najwa\u017cniejszych dzia\u0142a\u0144 na pierwsz\u0105 po\u0142ow\u0119 2022 r. Zach\u0119camy Was do aktywnego w\u0142\u0105czania si\u0119&nbsp;dzia\u0142alno\u015b\u0107 Stowarzyszenia, dzielenia si\u0119 pomys\u0142ami i uwagami. A tak\u017ce do pomocy przy r\u00f3\u017cnych dzia\u0142aniach terenowych takich jak sprz\u0105tanie, sadzenie i piel\u0119gnacja ro\u015blin, dekorowanie osiedla.<\/p>\n","protected":false},"author":1,"featured_media":0,"comment_status":"open","ping_status":"open","sticky":false,"template":"","format":"standard","meta":{"footnotes":""},"categories":[1],"tags":[],"class_list":["post-377","post","type-post","status-publish","format-standard","hentry","category-uncategorized"],"_links":{"self":[{"href":"https:\/\/abisynia.org\/index.php?rest_route=\/wp\/v2\/posts\/377","targetHints":{"allow":["GET"]}}],"collection":[{"href":"https:\/\/abisynia.org\/index.php?rest_route=\/wp\/v2\/posts"}],"about":[{"href":"https:\/\/abisynia.org\/index.php?rest_route=\/wp\/v2\/types\/post"}],"author":[{"embeddable":true,"href":"https:\/\/abisynia.org\/index.php?rest_route=\/wp\/v2\/users\/1"}],"replies":[{"embeddable":true,"href":"https:\/\/abisynia.org\/index.php?rest_route=%2Fwp%2Fv2%2Fcomments&post=377"}],"version-history":[{"count":14,"href":"https:\/\/abisynia.org\/index.php?rest_route=\/wp\/v2\/posts\/377\/revisions"}],"predecessor-version":[{"id":428,"href":"https:\/\/abisynia.org\/index.php?rest_route=\/wp\/v2\/posts\/377\/revisions\/428"}],"wp:attachment":[{"href":"https:\/\/abisynia.org\/index.php?rest_route=%2Fwp%2Fv2%2Fmedia&parent=377"}],"wp:term":[{"taxonomy":"category","embeddable":true,"href":"https:\/\/abisynia.org\/index.php?rest_route=%2Fwp%2Fv2%2Fcategories&post=377"},{"taxonomy":"post_tag","embeddable":true,"href":"https:\/\/abisynia.org\/index.php?rest_route=%2Fwp%2Fv2%2Ftags&post=377"}],"curies":[{"name":"wp","href":"https:\/\/api.w.org\/{rel}","templated":true}]}}