{"id":347,"date":"2021-06-19T16:37:19","date_gmt":"2021-06-19T14:37:19","guid":{"rendered":"http:\/\/abisynia.org\/?p=347"},"modified":"2021-07-10T15:22:28","modified_gmt":"2021-07-10T13:22:28","slug":"znamy-rozstrzygniecie-konkursu-abisynia-w-obiektywie","status":"publish","type":"post","link":"https:\/\/abisynia.org\/?p=347","title":{"rendered":"Znamy rozstrzygni\u0119cie konkursu &#8222;Abisynia w obiektywie&#8221;"},"content":{"rendered":"\n<p>Znamy rozstrzygni\u0119cie konkursu &#8222;Abisynia w obiektywie&#8221; ! Nie by\u0142 to \u0142atwy wyb\u00f3r, bo uczestnicy nades\u0142ali bardzo fajne prace. Jury oceniaj\u0105ce anonimowe zdj\u0119cia obradowa\u0142o d\u0142ugo, bo te\u017c ka\u017cdy z cz\u0142onk\u00f3w mia\u0142 swoich faworyt\u00f3w. By\u0142o wi\u0119c momentami gor\u0105co \ud83d\ude42 Ostatecznie Ania Sasiak-Patkowska, Zbyszek Taszycki i \u0141ukasz Cynalewski uzgodnili werdykt.1. miejsce zaj\u0105\u0142 Jacek Kordus. Za \u015bwietn\u0105 kompozycj\u0119, przewrotno\u015b\u0107, uwiecznienie nieoczywistej dla Abisynii architektury z lat 70. oraz za z\u0142apanie (cho\u0107 w czerni i bieli) jedynej takiej magnolii <img alt=\"\ud83d\ude42\" width=\"16\" height=\"16\">2. miejsce zaj\u0119\u0142a Anna Dembi\u0144ska-Po\u0142udniak. Za dobrze uchwycony tajemniczy klimat abisy\u0144skich ogrod\u00f3w, ze starymi, przedwojennymi bzami i architektur\u0105 lat 30. oraz ciekawy \u015bwiat\u0142ocie\u0144.3. miejsce zaj\u0105\u0142 Piotr Welbel za \u015bwiat\u0142o i uchwycenie klimatu nostalgicznych, jesiennych dni na ulicy Marsza\u0142kowskiej.Wyr\u00f3\u017cnienie w\u0119druje do Adama Sowy za przewrotne uchwycenie &#8222;olbrzymiego&#8221; s\u0105siada Abisynii, jakim jest Stadion Miejski.<\/p>\n\n\n\n<figure class=\"wp-block-image size-large\"><img loading=\"lazy\" decoding=\"async\" width=\"1024\" height=\"682\" src=\"http:\/\/abisynia.org\/wp-content\/uploads\/2021\/06\/N2bw-1024x682.jpg\" alt=\"\" class=\"wp-image-349\" srcset=\"https:\/\/abisynia.org\/wp-content\/uploads\/2021\/06\/N2bw-1024x682.jpg 1024w, https:\/\/abisynia.org\/wp-content\/uploads\/2021\/06\/N2bw-300x200.jpg 300w, https:\/\/abisynia.org\/wp-content\/uploads\/2021\/06\/N2bw-768x512.jpg 768w, https:\/\/abisynia.org\/wp-content\/uploads\/2021\/06\/N2bw-1536x1023.jpg 1536w, https:\/\/abisynia.org\/wp-content\/uploads\/2021\/06\/N2bw-2048x1365.jpg 2048w\" sizes=\"auto, (max-width: 767px) 89vw, (max-width: 1000px) 54vw, (max-width: 1071px) 543px, 580px\" \/><figcaption>Created with RNI Films app. Preset 'Agfa Scala 200&#8242;<\/figcaption><\/figure>\n\n\n\n<p><a href=\"https:\/\/drive.google.com\/file\/d\/1GXiZRTRIqGFx-1WMEznLVaCpaGvoBfs2\/view?usp=sharing\" target=\"_blank\" rel=\"noreferrer noopener\"><strong>Wystawa pokonkursowa do pobrania w formacie pdf<\/strong><\/a><\/p>\n","protected":false},"excerpt":{"rendered":"<p>Znamy rozstrzygni\u0119cie konkursu &#8222;Abisynia w obiektywie&#8221; ! Nie by\u0142 to \u0142atwy wyb\u00f3r, bo uczestnicy nades\u0142ali bardzo fajne prace. Jury oceniaj\u0105ce anonimowe zdj\u0119cia obradowa\u0142o d\u0142ugo, bo te\u017c ka\u017cdy z cz\u0142onk\u00f3w mia\u0142 swoich faworyt\u00f3w. By\u0142o wi\u0119c momentami gor\u0105co \ud83d\ude42 Ostatecznie Ania Sasiak-Patkowska, Zbyszek Taszycki i \u0141ukasz Cynalewski uzgodnili werdykt.1. miejsce zaj\u0105\u0142 Jacek Kordus. Za \u015bwietn\u0105 kompozycj\u0119, przewrotno\u015b\u0107, &hellip; <\/p>\n<p class=\"link-more\"><a href=\"https:\/\/abisynia.org\/?p=347\" class=\"more-link\">Czytaj dalej<span class=\"screen-reader-text\"> \u201eZnamy rozstrzygni\u0119cie konkursu &#8222;Abisynia w obiektywie&#8221;\u201d<\/span><\/a><\/p>\n","protected":false},"author":1,"featured_media":0,"comment_status":"open","ping_status":"open","sticky":false,"template":"","format":"standard","meta":{"footnotes":""},"categories":[1],"tags":[],"class_list":["post-347","post","type-post","status-publish","format-standard","hentry","category-uncategorized"],"_links":{"self":[{"href":"https:\/\/abisynia.org\/index.php?rest_route=\/wp\/v2\/posts\/347","targetHints":{"allow":["GET"]}}],"collection":[{"href":"https:\/\/abisynia.org\/index.php?rest_route=\/wp\/v2\/posts"}],"about":[{"href":"https:\/\/abisynia.org\/index.php?rest_route=\/wp\/v2\/types\/post"}],"author":[{"embeddable":true,"href":"https:\/\/abisynia.org\/index.php?rest_route=\/wp\/v2\/users\/1"}],"replies":[{"embeddable":true,"href":"https:\/\/abisynia.org\/index.php?rest_route=%2Fwp%2Fv2%2Fcomments&post=347"}],"version-history":[{"count":6,"href":"https:\/\/abisynia.org\/index.php?rest_route=\/wp\/v2\/posts\/347\/revisions"}],"predecessor-version":[{"id":355,"href":"https:\/\/abisynia.org\/index.php?rest_route=\/wp\/v2\/posts\/347\/revisions\/355"}],"wp:attachment":[{"href":"https:\/\/abisynia.org\/index.php?rest_route=%2Fwp%2Fv2%2Fmedia&parent=347"}],"wp:term":[{"taxonomy":"category","embeddable":true,"href":"https:\/\/abisynia.org\/index.php?rest_route=%2Fwp%2Fv2%2Fcategories&post=347"},{"taxonomy":"post_tag","embeddable":true,"href":"https:\/\/abisynia.org\/index.php?rest_route=%2Fwp%2Fv2%2Ftags&post=347"}],"curies":[{"name":"wp","href":"https:\/\/api.w.org\/{rel}","templated":true}]}}