{"id":224,"date":"2019-01-01T14:55:32","date_gmt":"2019-01-01T13:55:32","guid":{"rendered":"http:\/\/abisynia.org\/?p=224"},"modified":"2022-09-13T12:43:37","modified_gmt":"2022-09-13T10:43:37","slug":"zegnamy-2018-witamy-w-2019","status":"publish","type":"post","link":"https:\/\/abisynia.org\/?p=224","title":{"rendered":"\u017begnamy 2018, witamy w 2019 !!!"},"content":{"rendered":"<p>Drodzy Abisy\u0144czycy !<\/p>\n<p>Sko\u0144czyli\u015bmy wczoraj rok 2018 zatem \u017cyczymy Wam zdrowia, szcz\u0119\u015bcia i pomy\u015blno\u015bci w nowym roku !<\/p>\n<p>Skradamy si\u0119 do nowego, jeszcze lepszego roku 2019. Zanim jednak podejmiemy nowe wyzwania i rzucimy si\u0119 w wir pracy podsumujmy dokonania, sukcesy jak i pora\u017cki naszego Stowarzyszenia, w kt\u00f3rym na rzecz wszystkich mieszka\u0144c\u00f3w dzia\u0142a 36 cz\u0142onk\u00f3w wspieranych przez spore grono sympatyk\u00f3w.<\/p>\n<span class=\"collapseomatic \" id=\"id69ef89148525a\"  tabindex=\"0\" title=\"&lt;strong&gt;Czytaj dalej&lt;\/strong&gt;&lt;\/p&gt;\n&lt;p&gt;\"    ><strong>Czytaj dalej<\/strong><\/p>\n<p><\/span><div id=\"target-id69ef89148525a\" class=\"collapseomatic_content \">\n<p>Na pocz\u0105tku grudnia odby\u0142y si\u0119 w Waszyngtonie podnios\u0142e uroczysto\u015bci pogrzebowe Georga Busha &#8211; 41 Prezydenta Stan\u00f3w Zjednoczonych. Przem\u00f3wienie o swoim Ojcu wyg\u0142osi\u0142 w katedrze w Waszyngtonie by\u0142y Prezydent George Bush Junior. W swoim pi\u0119knym, wzruszaj\u0105cym ale i pe\u0142nym ciep\u0142ego humoru wyst\u0105pieniu przywo\u0142a\u0142 s\u0142owa swojego ojca wyg\u0142oszone na inauguracj\u0119 41 prezydentury w roku 1989. Te s\u0142owa sprzed prawie 30 lat pi\u0119knie oddaj\u0105 ide\u0119 pracy na rzecz spo\u0142eczno\u015bci, w kt\u00f3rych \u017cyjemy i nie tylko nic nie straci\u0142y ze swojej aktualno\u015bci ale nawet sta\u0142y si\u0119 jeszcze wa\u017cniejsze.<\/p>\n<p><em>&#8222;Moi Przyjaciele, nie jeste\u015bmy sum\u0105 tego co posiadamy. To nie jest miara naszego \u017cycia. W naszych sercach wiemy co jest naprawd\u0119 wa\u017cne w \u017cyciu. <\/em><em>Nie mo\u017cemy dba\u0107 tylko o to \u017ceby zostawi\u0107 naszym dzieciom wi\u0119ksze samochody, czy wi\u0119ksze konta w bankach. Musimy da\u0107 im poczucie co to znaczy by\u0107 lojalnym przyjacielem, kochaj\u0105cym rodzicem, obywatelem, kt\u00f3ry zostawia sw\u00f3j\u00a0 dom, swoj\u0105 okolic\u0119 oraz swoje miasto (czy wie\u015b) w stanie lepszym ni\u017c je zasta\u0142.&#8221;<\/em><\/p>\n<p>Jestem przekonany, \u017ce te wspania\u0142e s\u0142owa idealnie wpisuj\u0105 si\u0119 w dzia\u0142alno\u015b\u0107 naszego Stowarzyszenia. Zatem w porz\u0105dku chronologicznym zestawiamy to co si\u0119 dzia\u0142o w 2018 roku.<\/p>\n<p>1. W lutym <strong>posprz\u0105tali\u015bmy park<\/strong> za szko\u0142\u0105 gastronomiczn\u0105.<\/p>\n<p>2. Wa\u017cnym uzupe\u0142nieniem tego sprz\u0105tania by\u0142o <strong>wieszanie budek l\u0119gowych<\/strong> dla ptak\u00f3w, kt\u00f3re przekaza\u0142o nam miasto na terenie ziele\u0144ca. Dla ciekawskich mamy informacj\u0119, \u017ce z budek skorzysta\u0142y trzy rodziny sikorek.<\/p>\n<p>3. Zorganizowali\u015bmy <strong>spotkanie z ornitolo\u017ck\u0105<\/strong>, kt\u00f3ra wyja\u015bni\u0142a dzieciakom z Przedszkola Zuch jak m\u0105drze i bezpiecznie dokarmia\u0107 ptaki i jakie gatunki mo\u017cna spotka\u0107 w mie\u015bcie.<\/p>\n<p>4. Wiosn\u0105 2018 Stowarzyszenie w\u0142\u0105czy\u0142o si\u0119 w prowadzone przez ZDM i Rad\u0119 Osiedla Grunwald Po\u0142udnie konsultacje <strong>dotycz\u0105ce przebudowy ul. Kasztela\u0144skiej<\/strong>.<\/p>\n<p>5. W maju ze \u015brodk\u00f3w Stowarzyszenia i si\u0142ami mieszka\u0144c\u00f3w uda\u0142o si\u0119 urz\u0105dzi\u0107 <strong>skwerek przy skrzy\u017cowaniu ul. Kasztela\u0144skiej z ul. Podkomorsk\u0105<\/strong>. Ro\u015bliny dzi\u0119ki naszej sta\u0142ej piel\u0119gnacji i nier\u00f3wnej walce z susz\u0105 dobrze si\u0119 przyj\u0119\u0142y. Liczymy, \u017ce w nadchodz\u0105cym sezonie b\u0119d\u0105 prezentowa\u0107 si\u0119 jeszcze pi\u0119kniej.<\/p>\n<p>6. Interweniowali\u015bmy w sprawie <strong>wywozu odpad\u00f3w<\/strong>.<\/p>\n<p>7. W czerwcu Rada Osiedla Grunwald Po\u0142udnie na nasz wniosek uchwali\u0142a, \u017ce sfinansuje zamontowanie<strong> prog\u00f3w zwalniaj\u0105cych w ul. Senatorskiej i Podkomorskiej<\/strong>.<\/p>\n<p>8. W tym samym miesi\u0105cu przeprowadzili\u015bmy akcj\u0119 &#8222;<strong>Tu pilnuje s\u0105siad<\/strong>&#8222;, kt\u00f3ra mia\u0142a wzmocni\u0107 nasz\u0105 czujno\u015b\u0107 w okresie wakacji i ustrzec nas przed w\u0142amaniami.<\/p>\n<p>9. Zainterweniowali\u015bmy w sprawie <strong>ka\u0142u\u017cy na Miecznikowskiej<\/strong>. Powierzchnia chodnika zosta\u0142a wyr\u00f3wnana.<\/p>\n<p>10. Zorganizowali\u015bmy <strong>s\u0105siedzk\u0105 imprez\u0119 integracyjn\u0105<\/strong> korzystaj\u0105c z go\u015bcinnych ogrod\u00f3w przy Senatorskiej \ud83d\ude09<\/p>\n<p>11. Przypomnieli\u015bmy skutecznie urz\u0119dnikom o <strong>konieczno\u015bci deratyzacji<\/strong> na naszym osiedlu, a tak\u017ce Stra\u017cy Miejskiej o <strong>upominaniu os\u00f3b niesprz\u0105taj\u0105cych po swoich psach<\/strong>.<\/p>\n<p>12. Po naszej interwencji Enea O\u015bwietlenie <strong>przyci\u0119\u0142a ga\u0142\u0119zie<\/strong> zas\u0142aniaj\u0105ce latarnie na ul. Marsza\u0142kowskiej.<\/p>\n<p>13. Razem z dyrektor Przedszkola nr 47 zainicjowali\u015bmy<strong> remont ogrodzenia<\/strong> plac\u00f3wki przy ul. Senatorskiej. Ze sk\u0142adek zap\u0142acili\u015bmy za piaskowanie prz\u0119se\u0142, pozyskali\u015bmy sponsor\u00f3w na farby i chemi\u0119 budowlan\u0105 oraz utargowali\u015bmy rabat na klinkierowe p\u0142ytki, wielkie podzi\u0119kowania nale\u017c\u0105 si\u0119 firmom <strong>Novol<\/strong>, <strong>Kreise<\/strong>l i <strong>Tub\u0105dzin<\/strong>. Prz\u0119s\u0142a pomalowali\u015bmy sami.<\/p>\n<p>14. Dzi\u0119ki remontowi ogrodzenia przedszkola powsta\u0142a przestrze\u0144, na kt\u00f3rej mog\u0105 by\u0107 wieszane wystawy zdj\u0119\u0107 i grafik. P\u00f3\u0142 \u017cartem, p\u00f3\u0142 serio powo\u0142ali\u015bmy do \u017cycia <strong>Galeri\u0119 O!p\u0142otek<\/strong>. Pierwszy wernisa\u017c, na kt\u00f3rym pokazali\u015bmy zbi\u00f3r starych zdj\u0119\u0107 osiedla z naszych album\u00f3w, zorganizowali\u015bmy pierwszego wrze\u015bnia.<\/p>\n<p>15. Przy wsparciu Centrum Inicjatyw Lokalnych zaprojektowali\u015bmy i wykonali\u015bmy dwie <strong>tablice Systemu Informacji Miejskiej<\/strong>, kt\u00f3re przybli\u017caj\u0105 histori\u0119 Abisynii. Ods\u0142onili\u015bmy je pierwszego wrze\u015bnia.<\/p>\n<p>16. W po\u0142owie wrze\u015bnia zorganizowali\u015bmy <strong>spacer<\/strong> <strong>w ramach Festiwalu Literatury Kryminalnej Granda<\/strong> po osiedlu tropami historii sensacyjnych i kryminalnych.<\/p>\n<p>17. W pa\u017adzierniku kupili\u015bmy <strong>kosz na \u015bmieci<\/strong>, kt\u00f3ry stan\u0105\u0142 w ul. Marsza\u0142kowskiej.<\/p>\n<p>18. W pa\u017adzierniku odby\u0142o si\u0119 zainspirowane przez Stowarzyszenie <strong>zwiedzanie schronu<\/strong> znajduj\u0105cego si\u0119 pod Szko\u0142\u0105 Podstawow\u0105 nr 74. Wsp\u00f3\u0142organizowali\u015bmy tak\u017ce <strong>dwa spacery historyczne z przewodnikiem<\/strong> po osiedlu koncentruj\u0105ce si\u0119 na tematyce II wojny \u015bwiatowej.<\/p>\n<p>19. Zorganizowali\u015bmy <strong>rajd rowerowy<\/strong> do Strzeszynka.<\/p>\n<p>20. Poparli\u015bmy i promowali\u015bmy na fb starania Szko\u0142y Podstawowej nr 74 o zdobycie pieni\u0119dzy z bud\u017cetu obywatelskiego na projekt <strong>Fitpark Kasztelan<\/strong>. Szko\u0142a dofinansowanie otrzyma\u0142a.<\/p>\n<p>21. Wsparli\u015bmy PSS Spo\u0142em w usuni\u0119ciu bezumownie postawionego <strong>kontenera na odzie\u017c u\u017cywan\u0105<\/strong>, kt\u00f3ry szpeci\u0142 i za\u015bmieca\u0142 ul. Kasztela\u0144sk\u0105.<\/p>\n<p>22. P\u00f3\u017an\u0105 jesieni\u0105 zakupili\u015bmy, a tak\u017ce otrzymali\u015bmy w prezencie, ponad <strong>30 rozet w barwach narodowych<\/strong>. Wraz z bia\u0142o-czerwonymi &#8222;ubrankami&#8221; na hydranty przekazanymi nam przez Aquanet s\u0105 wspania\u0142ymi ozdobami ulic, kt\u00f3ra wywieszamy z okazji \u015bwi\u0105t.<\/p>\n<p>23. Dzi\u0119ki naszym apelom miasto w zrealizowa\u0142o szybciej, bo ju\u017c w listopadzie, <strong>nasadzenia nowych drzew w ul. Drzewieckiego<\/strong>.<\/p>\n<p>24. W grudniu w ramach s\u0105siedzkiej akcji <strong>posprz\u0105tali\u015bmy ul. Miecznikowsk\u0105<\/strong>.<\/p>\n<p>25. R\u00f3wnie\u017c w grudniu ods\u0142onili\u015bmy <strong>kolejn\u0105 wystaw\u0119 w Galerii O!p\u0142otek. <\/strong>po\u015bwi\u0119con\u0105 kolekcji naszego s\u0105siada Wojciecha Rybarczyka.<\/p>\n<p>26. Rozpocz\u0119li\u015bmy<strong> prace projektowe<\/strong> zmierzaj\u0105ce do nowych nasadze\u0144 i prac brukarskich na tzw. &#8222;skwerze przy pompie&#8221;.<\/p>\n<p>27. Przekazali\u015bmy Pozna\u0144skim inwestycjom Miejskim <strong>informacje o usterkach<\/strong> w wyremontowanej ul.Cze\u015bnikowskiej, kt\u00f3re po naszej interwencji usuni\u0119to.<\/p>\n<p>28. Rozpocz\u0119li\u015bmy d\u0142ugi marsz w kierunku uczynienia z terenu za szko\u0142\u0105 gastronomiczn\u0105 <strong>parku z prawdziwego zdarzenia<\/strong>. Zebrali\u015bmy kilkaset podpis\u00f3w popieraj\u0105cych t\u0119 ide\u0119 i przekazali\u015bmy je w\u0142adzom miasta.<\/p>\n<p>29. Zorganizowali\u015bmy <strong>Wigili\u0119 dla cz\u0142onk\u00f3w i sympatyk\u00f3w<\/strong> w kancelarii <strong>Pragmatiq<\/strong> dzi\u0119ki go\u015bcinno\u015bci Rafa\u0142a Szymkowiaka.<\/p>\n<p>Wszystkim dzi\u0119kuj\u0119 za wyt\u0119\u017cony rok dzia\u0142a\u0144 i \u017cycz\u0119, aby w Nowym Roku \u017cy\u0142o si\u0119 nam jeszcze lepiej, bezpieczniej i zdrowiej!<\/p>\n<p>Micha\u0142 Rajewski<br \/>\nPrezes Zarz\u0105du<br \/>\nStowarzyszenie Mieszka\u0144c\u00f3w &#8222;Abisynia&#8221;<br \/>\n<\/div>\n","protected":false},"excerpt":{"rendered":"<p>Drodzy Abisy\u0144czycy ! Sko\u0144czyli\u015bmy wczoraj rok 2018 zatem \u017cyczymy Wam zdrowia, szcz\u0119\u015bcia i pomy\u015blno\u015bci w nowym roku ! Skradamy si\u0119 do nowego, jeszcze lepszego roku 2019. Zanim jednak podejmiemy nowe wyzwania i rzucimy si\u0119 w wir pracy podsumujmy dokonania, sukcesy jak i pora\u017cki naszego Stowarzyszenia, w kt\u00f3rym na rzecz wszystkich mieszka\u0144c\u00f3w dzia\u0142a 36 cz\u0142onk\u00f3w wspieranych &hellip; <\/p>\n<p class=\"link-more\"><a href=\"https:\/\/abisynia.org\/?p=224\" class=\"more-link\">Czytaj dalej<span class=\"screen-reader-text\"> \u201e\u017begnamy 2018, witamy w 2019 !!!\u201d<\/span><\/a><\/p>\n","protected":false},"author":1,"featured_media":0,"comment_status":"open","ping_status":"open","sticky":false,"template":"","format":"standard","meta":{"footnotes":""},"categories":[1],"tags":[],"class_list":["post-224","post","type-post","status-publish","format-standard","hentry","category-uncategorized"],"_links":{"self":[{"href":"https:\/\/abisynia.org\/index.php?rest_route=\/wp\/v2\/posts\/224","targetHints":{"allow":["GET"]}}],"collection":[{"href":"https:\/\/abisynia.org\/index.php?rest_route=\/wp\/v2\/posts"}],"about":[{"href":"https:\/\/abisynia.org\/index.php?rest_route=\/wp\/v2\/types\/post"}],"author":[{"embeddable":true,"href":"https:\/\/abisynia.org\/index.php?rest_route=\/wp\/v2\/users\/1"}],"replies":[{"embeddable":true,"href":"https:\/\/abisynia.org\/index.php?rest_route=%2Fwp%2Fv2%2Fcomments&post=224"}],"version-history":[{"count":12,"href":"https:\/\/abisynia.org\/index.php?rest_route=\/wp\/v2\/posts\/224\/revisions"}],"predecessor-version":[{"id":415,"href":"https:\/\/abisynia.org\/index.php?rest_route=\/wp\/v2\/posts\/224\/revisions\/415"}],"wp:attachment":[{"href":"https:\/\/abisynia.org\/index.php?rest_route=%2Fwp%2Fv2%2Fmedia&parent=224"}],"wp:term":[{"taxonomy":"category","embeddable":true,"href":"https:\/\/abisynia.org\/index.php?rest_route=%2Fwp%2Fv2%2Fcategories&post=224"},{"taxonomy":"post_tag","embeddable":true,"href":"https:\/\/abisynia.org\/index.php?rest_route=%2Fwp%2Fv2%2Ftags&post=224"}],"curies":[{"name":"wp","href":"https:\/\/api.w.org\/{rel}","templated":true}]}}