{"id":185,"date":"2017-12-12T15:32:52","date_gmt":"2017-12-12T14:32:52","guid":{"rendered":"http:\/\/195.114.1.23\/~abisynia\/?p=185"},"modified":"2022-09-13T12:50:59","modified_gmt":"2022-09-13T10:50:59","slug":"pierwsze-miesiace-abisynii","status":"publish","type":"post","link":"https:\/\/abisynia.org\/?p=185","title":{"rendered":"Pierwsze miesi\u0105ce Abisynii"},"content":{"rendered":"<p><code><\/code>Szanowni Abisy\u0144czycy !<\/p>\n<p>Przekazujemy wam informacje podsumowuj\u0105ce pierwsze miesi\u0105ce naszej dzia\u0142alno\u015bci jak r\u00f3wnie\u017c przedstawiaj\u0105ce w skr\u00f3cie nasz\u0105 organizacj\u0119 pracy. Zapraszamy do zapoznania si\u0119 z nimi i w\u0142\u0105czania si\u0119 w prace Stowarzyszenia.<\/p>\n<p>Od przysz\u0142ego roku planujemy kontaktowa\u0107 si\u0119 z Wami ju\u017c nie tylko dora\u017anie i poprzez e-mail lecz r\u00f3wnie\u017c bezpo\u015brednio na comiesi\u0119cznych spotkaniach wszystkich zainteresowanych.\u00a0 Co miesi\u0105c b\u0119dziemy r\u00f3wnie\u017c publikowa\u0107 na niniejszym blogu informacje o sprawach bie\u017c\u0105cych.<\/p>\n<p>Z uszanowaniem<\/p>\n<p>Zarz\u0105d Stowarzyszenia<\/p>\n<p><code><span class=\"collapseomatic \" id=\"id69ef8a89b586f\"  tabindex=\"0\" title=\"&lt;\/code&gt;&lt;strong&gt;Czytaj dalej&lt;\/strong&gt;&lt;\/p&gt;\n&lt;p&gt;&lt;code&gt;\"    ><\/code><strong>Czytaj dalej<\/strong><\/p>\n<p><code><\/span><div id=\"target-id69ef8a89b586f\" class=\"collapseomatic_content \"><\/code><\/p>\n<h3>Dzia\u0142alno\u015b\u0107 statutowa Stowarzyszenia<\/h3>\n<h6>Dzia\u0142alno\u015b\u0107 informacyjna na rzecz lokalnej spo\u0142eczno\u015bci<\/h6>\n<p>Realizowana jest za po\u015brednictwem konta facebookowego @stowarzyszenieabisynia. Moderatorem jest Luiza Rajewska, najaktywniejszym autorem post\u00f3w Aleksander Przybylski. Osoby niezarejestrowane na facebooku maj\u0105 dost\u0119p do tre\u015bci, nie mog\u0105 jednak jej ocenia\u0107 ani komentowa\u0107 .<\/p>\n<h6>Dzia\u0142alno\u015b\u0107 integracyjna<\/h6>\n<p>W czerwcu 2017 dzi\u0119ki go\u015bcinno\u015bci Micha\u0142a Rajewskiego zorganizowano spotkanie integracyjne mieszka\u0144c\u00f3w Osiedla.<\/p>\n<h6>Dzia\u0142ania na rzecz utrzymania estetyki, porz\u0105dku i czysto\u015bci<\/h6>\n<p>Wys\u0142ano pismo do Aquanetu w sprawie zachowania zabytkowych pomp i hydrant\u00f3w, na kt\u00f3re uzyskano pozytywn\u0105 odpowied\u017a. Aquanet zadeklarowa\u0142 r\u00f3wnie\u017c odtworzenie zabytkowych herb\u00f3w na hydrantach.<\/p>\n<p>Zakupiono i ustawiono kosz na \u015bmieci na zbiegu Trybunalskiej i Miecznikowskiej, przekonano ZDM do podj\u0119cia si\u0119 regularnego opr\u00f3\u017cniania.<\/p>\n<p>Zawieszono tabliczki zach\u0119caj\u0105ce do wrzucania \u015bmieci do koszy.<\/p>\n<p>Wsparto dzia\u0142ania p. Macieja Korobacza, maj\u0105ce na celu ograniczenie plagi szczur\u00f3w, pismami do Aquanetu, ZDM i Sanepidu.<\/p>\n<p>Przeprowadzono akcj\u0119 informacyjn\u0105 dotycz\u0105ca remontu p\u0142otu przy przedszkolu.<\/p>\n<h6>Dzia\u0142ania na rzecz poprawy infrastruktury<\/h6>\n<p>Zainicjowano i wsparto dzia\u0142ania Waldka Szeszu\u0142y oraz Luizy Rajewskiej w sprawie skweru przy Senatorskiej. Gotowe projekty skweru i zieleni czekaj\u0105 na dalsze procedowanie przez ZDM.<\/p>\n<p>Zorganizowano spotkanie w sprawie skweru przy Podkomorskiej z udzia\u0142em projektantek z pracowni Te\u017c Architekci. Panie przygotowuj\u0105 wst\u0119pn\u0105 koncepcj\u0119.<\/p>\n<p>Przes\u0142ano pismo do ZDM w sprawie nawierzchni Podkomorskiej po remoncie chodnik\u00f3w. W rezultacie wykonawca dokona\u0142 za\u0142atania ubytk\u00f3w w jezdni, czego nie by\u0142o w pierwotnym projekcie remontu chodnik\u00f3w.<\/p>\n<p>Zebrano podpisy mieszka\u0144c\u00f3w pod wnioskiem Stowarzyszenia dotycz\u0105cym remontu ul. Kasztela\u0144skiej, kt\u00f3ry wys\u0142ano do Rady Osiedla, ZDM i prezydenta miasta.<\/p>\n<p>Przeprowadzono konsultacje dotycz\u0105ce ujednolicenia parkowania w \u201cnowej\u201d cz\u0119\u015bci Podkomorskiej. Na tej podstawie sformu\u0142owano i wys\u0142ano odpowiedni wniosek do ZDM.<\/p>\n<p>Micha\u0142 Rajewski wraz z p. Mari\u0105 Korpal przedstawili w rozmowie z prezydentem miasta problemy parkowania, stanu nawierzchni, bezpiecze\u0144stwa na przej\u015bciu dla pieszych przy Marsza\u0142kowskiej, uspokojenia ruchu. W odpowiedzi prezydent poinformowa\u0142 w li\u015bcie, kt\u00f3ry przes\u0142ano do cz\u0142onk\u00f3w i sympatyk\u00f3w stowarzyszenia, o trwaj\u0105cych pracach w tym zakresie.<\/p>\n<h6>Nowe dzia\u0142ania w toku<\/h6>\n<p>Wsparcie inicjatywy Paw\u0142a Juszczyszyna dotycz\u0105cej prog\u00f3w zwalniaj\u0105cych. Otrzymali\u015bmy wycen\u0119, kt\u00f3ra na razie przekracza mo\u017cliwo\u015bci finansowe Stowarzyszenia.<\/p>\n<p>Planowane uporz\u0105dkowanie Miecznikowskiej w czynie spo\u0142ecznym, 15 i 16 grudnia 2017.<\/p>\n<p>Planowane wsparcie inicjatywy Tomasza Nowaka w sprawie tablicy informacyjnej na rogu Kasztela\u0144skiej Marsza\u0142kowskiej.<\/p>\n<p>Rozpoznanie tematyki i rozwa\u017cenie wsparcia fizyczno\/techniczno\/finansowego monitoringu przy przedszkolu.<\/p>\n<p>Planowane spotkanie op\u0142atkowe 19 grudnia 2017.<\/p>\n<p>Akcja informacyjna Szko\u0142a Ma\u0142ego In\u017cyniera. 11 grudnia awansowali\u015bmy na 1 miejsce.<\/p>\n<p>Zainicjowano akcj\u0119 edukacyjn\u0105 dla dzieci z przedszkoli nr 47 i 83. Dotyczy dokarmiania ptak\u00f3w i wieszania budek l\u0119gowych.<\/p>\n<p>Jeden z cz\u0142onk\u00f3w Stowarzyszenia ufundowa\u0142 wykonanie odbitek przedwojennych zdj\u0119\u0107 willi przy Kasztela\u0144skiej 19. Zostan\u0105 one powieszone razem z opisem historii domu w holu dzia\u0142aj\u0105cego tam obecnie przedszkola.<\/p>\n<p>Zwr\u00f3cono uwag\u0119 Zarz\u0105dowi Dr\u00f3g Miejskich na potrzeb\u0119 nasadzenia zieleni w miejscu powsta\u0142ego po remoncie Podkomorskiej tr\u00f3jk\u0105ta ziemi. Ma to zapobiec dzikiemu parkowaniu w tym miejscu i uczyni\u0107 je bardziej estetycznym.<\/p>\n<p>Zam\u00f3wiono 10 kokard w barwach narodowych, kt\u00f3re b\u0119da wieszane z okazji \u015bwi\u0105t pa\u0144stwowych i rocznicy Powstania Wielkopolskiego na s\u0142upkach z ulicznymi tabliczkami.<\/p>\n<h4>Sprawy statutowe Stowarzyszenia<\/h4>\n<p>Statut Stowarzyszenia\u00a0 wymaga uzupe\u0142nie\u0144, kt\u00f3re uatrakcyjni\u0105 i uelastyczni\u0105 dzia\u0142anie Stowarzyszenia, wprowadz\u0105 dodatkowe gwarancje i mechanizmy kontrolne, doprecyzuj\u0105 kwestie proceduralne i porz\u0105dkowe. Starannie opracowan\u0105 propozycj\u0119 przedstawi\u0142 p. Miros\u0142aw Sadowski.<\/p>\n<p>Poza zmianami o charakterze og\u00f3lnym, na kt\u00f3re mamy wi\u0119cej czasu, rozstrzygni\u0119cia wymagaj\u0105 kwestie dotycz\u0105ce: wysoko\u015bci sk\u0142adek cz\u0142onkowskich os\u00f3b o bardzo skromnych dochodach oraz cz\u0142onkostwa honorowego.<\/p>\n<h4>Wizyt\u00f3wka Stowarzyszenia<\/h4>\n<p>Wizyt\u00f3wk\u0105 Stowarzyszenia jest strona internetowa abisynia.org. Informuje ona o celach Stowarzyszenia i jego genezie. Prezentuje kr\u00f3tk\u0105 histori\u0119 Osiedla. Zawiera dane kontaktowe. Stron\u0119 utworzy\u0142 i utrzymaniem jej zajmuje si\u0119 Piotr Fr\u0105czyk.<\/p>\n<p>Z inicjatywy i na podstawie sugestii Ani Sasiak-Patkowskiej Bogus\u0142aw Kalwala stworzy\u0142 i przekaza\u0142 Stowarzyszeniu pi\u0119kne logo.<\/p>\n<h4>Komunikacja<\/h4>\n<p>Zarz\u0105d kontaktuje si\u0119 dora\u017anie i od pocz\u0105tku pa\u017adziernika 2017 systematycznie na cotygodniowych spotkaniach.<\/p>\n<p>Komunikacja z cz\u0142onkami Stowarzyszenia odbywa si\u0119 za po\u015brednictwem poczty elektronicznej i dora\u017anie.<\/p>\n<p>Niezb\u0119dne jest stworzenie oficjalnego kana\u0142u informacyjnego Stowarzyszenia, w tym celu przewiduje si\u0119 wykorzystanie blogu na stronie abisynia.org na comiesi\u0119czny newsletter.<\/p>\n<p>Od stycznia 2018 organizowane b\u0119d\u0105 systematyczne, comiesi\u0119czne robocze spotkania wszystkich zainteresowanych cz\u0142onk\u00f3w Stowarzyszenia.<\/p>\n<h4>Sprawy administracyjne Stowarzyszenia<\/h4>\n<p>Stowarzyszenie zarejestrowane jest w KRS, posiadana numery NIP i REGON. Stowarzyszenie nie jest p\u0142atnikiem podatku VAT.<\/p>\n<p>Stowarzyszenie posiada konto bankowe w mBank S.A. Dzi\u0119ki promocji prowadzenie konta przez pierwsze dwa lata od momentu za\u0142o\u017cenia jest bezp\u0142atne.<\/p>\n<p>Stowarzyszenie nie prowadzi dzia\u0142alno\u015bci gospodarczej. Dotychczasowe przychody Stowarzyszenia pochodz\u0105 wy\u0142\u0105cznie z wpisowego i sk\u0142adek cz\u0142onkowskich. Stowarzyszenie korzysta te\u017c z drobnych aport\u00f3w wnoszonych przez cz\u0142onk\u00f3w stowarzyszenia, takich jak: u\u017cyczenie lokalu, sprz\u0119tu komputerowego, materia\u0142\u00f3w biurowych. Nale\u017cy przeanalizowa\u0107 pod k\u0105tem prawnym i fiskalnym mo\u017cliwo\u015bci pozyskiwania innych przychod\u00f3w.<\/p>\n<p>Stowarzyszenie prowadzi pe\u0142n\u0105 rachunkowo\u015b\u0107 w formie uproszczonej. Prowadzenia ksi\u0105g rachunkowych w kadencji 2017\/2018 podj\u0119\u0142a si\u0119 Anna Dembi\u0144ska-Po\u0142udniak. Dla potrzeb Stowarzyszenia Ania naby\u0142a nowe umiej\u0119tno\u015bci, napisa\u0142a polityk\u0119 rachunkowo\u015bci, stworzy\u0142a plan kont. Systematycznie dokumentuje zdarzenia ksi\u0119gowe i co miesi\u0105c opracowuje zestawienie sald i obrot\u00f3w. Ania przygotuje te\u017c sprawozdanie finansowe za rok 2017 i CIT. Poniewa\u017c Ania jest r\u00f3wnie\u017c cz\u0142onkiem Komisji Rewizyjnej, wy\u0142\u0105czy si\u0119 w jej ramach z oceny dzia\u0142u ksi\u0119gowo\u015bci. Je\u017celi Ania podejmie si\u0119\u00a0 prowadzenia\u00a0 ksi\u0119gowo\u015bci w kolejnej kadencji, nie b\u0119dzie kandydowa\u0107 na cz\u0142onka Komisji Rewizyjnej.<\/p>\n<p>Dokumentacj\u0119 dla ksi\u0119gowo\u015bci\u00a0 w tym m.in. raporty kasowe, rachunki przygotowuje i zatwierdza Micha\u0142 Rajewski. Micha\u0142 prowadzi te\u017c ewidencj\u0119 cz\u0142onk\u00f3w i \u00a0sk\u0142adek. Dokumentacja dzia\u0142alno\u015bci Stowarzyszenia prowadzona jest w formie elektronicznej. Dokumenty oficjalne zapisywane s\u0105 w formacie pdf. Dokumenty papierowe wymagaj\u0105ce zatwierdzenia\/podpisu przechowywane s\u0105 w segregatorach. Kopie dokument\u00f3w oficjalnych przechowywane s\u0105 na dysku Google.<\/p>\n<p>Podstawowym narz\u0119dziem administracyjnym wykorzystywanym przez Stowarzyszenie jest pakiet Google Suite, z kt\u00f3rego Stowarzyszenie korzysta bezp\u0142atnie dzi\u0119ki uczestnictwu w programie Fundacji TechSoup. Google Suite zapewnia ca\u0142y szereg us\u0142ug, takich jak m.in. G-mail, Dysk Google, Kalendarz Google. Us\u0142ugi te s\u0105 systematycznie wdra\u017cane przez Zarz\u0105d. Pakietem Google Suite administruje Piotr Fr\u0105czyk.<\/p>\n<p>Domena abisynia.org wykupiona zosta\u0142a w home.pl i hostowana jest w domenie atlanta.poznan.pl.\u00a0 Domen\u0105 administruje Piotr Fr\u0105czyk.<\/p>\n<\/div>\n","protected":false},"excerpt":{"rendered":"<p>Szanowni Abisy\u0144czycy ! Przekazujemy wam informacje podsumowuj\u0105ce pierwsze miesi\u0105ce naszej dzia\u0142alno\u015bci jak r\u00f3wnie\u017c przedstawiaj\u0105ce w skr\u00f3cie nasz\u0105 organizacj\u0119 pracy. Zapraszamy do zapoznania si\u0119 z nimi i w\u0142\u0105czania si\u0119 w prace Stowarzyszenia. Od przysz\u0142ego roku planujemy kontaktowa\u0107 si\u0119 z Wami ju\u017c nie tylko dora\u017anie i poprzez e-mail lecz r\u00f3wnie\u017c bezpo\u015brednio na comiesi\u0119cznych spotkaniach wszystkich zainteresowanych.\u00a0 Co &hellip; <\/p>\n<p class=\"link-more\"><a href=\"https:\/\/abisynia.org\/?p=185\" class=\"more-link\">Czytaj dalej<span class=\"screen-reader-text\"> \u201ePierwsze miesi\u0105ce Abisynii\u201d<\/span><\/a><\/p>\n","protected":false},"author":1,"featured_media":0,"comment_status":"open","ping_status":"open","sticky":false,"template":"","format":"standard","meta":{"footnotes":""},"categories":[1],"tags":[],"class_list":["post-185","post","type-post","status-publish","format-standard","hentry","category-uncategorized"],"_links":{"self":[{"href":"https:\/\/abisynia.org\/index.php?rest_route=\/wp\/v2\/posts\/185","targetHints":{"allow":["GET"]}}],"collection":[{"href":"https:\/\/abisynia.org\/index.php?rest_route=\/wp\/v2\/posts"}],"about":[{"href":"https:\/\/abisynia.org\/index.php?rest_route=\/wp\/v2\/types\/post"}],"author":[{"embeddable":true,"href":"https:\/\/abisynia.org\/index.php?rest_route=\/wp\/v2\/users\/1"}],"replies":[{"embeddable":true,"href":"https:\/\/abisynia.org\/index.php?rest_route=%2Fwp%2Fv2%2Fcomments&post=185"}],"version-history":[{"count":19,"href":"https:\/\/abisynia.org\/index.php?rest_route=\/wp\/v2\/posts\/185\/revisions"}],"predecessor-version":[{"id":419,"href":"https:\/\/abisynia.org\/index.php?rest_route=\/wp\/v2\/posts\/185\/revisions\/419"}],"wp:attachment":[{"href":"https:\/\/abisynia.org\/index.php?rest_route=%2Fwp%2Fv2%2Fmedia&parent=185"}],"wp:term":[{"taxonomy":"category","embeddable":true,"href":"https:\/\/abisynia.org\/index.php?rest_route=%2Fwp%2Fv2%2Fcategories&post=185"},{"taxonomy":"post_tag","embeddable":true,"href":"https:\/\/abisynia.org\/index.php?rest_route=%2Fwp%2Fv2%2Ftags&post=185"}],"curies":[{"name":"wp","href":"https:\/\/api.w.org\/{rel}","templated":true}]}}